{"id":3253,"date":"2017-12-12T15:14:27","date_gmt":"2017-12-12T15:14:27","guid":{"rendered":"https:\/\/anexia.com\/blog\/de\/?p=3253"},"modified":"2022-04-19T08:12:48","modified_gmt":"2022-04-19T06:12:48","slug":"siri-windrad-und-legoauto-mein-auftritt-beim-lehrlingswettbewerb-inlehre","status":"publish","type":"post","link":"https:\/\/anexia.com\/blog\/de\/siri-windrad-und-legoauto-mein-auftritt-beim-lehrlingswettbewerb-inlehre\/","title":{"rendered":"Siri, Windrad und Legoauto: Mein Auftritt beim Lehrlingswettbewerb #INLehre"},"content":{"rendered":"<p>Automatisierung? Was bedeutet das und wieso haben so viele Menschen Angst davor? In den letzten Wochen ist mir kein anderes Thema als Automatisierung durch den Kopf gegangen und das hat auch einen Grund: Ich habe beim Lehrlingswettbewerb der <a href=\"https:\/\/kaernten.iv.at\/de\/\" target=\"_blank\" rel=\"noopener\">Industriellenvereinigung K\u00e4rnten<\/a> #INLehre teilgenommen und die Vorbereitung hatte viel mit Automatisierung zu tun.<\/p>\n<p>Es gibt f\u00fcr fast jeden Lehrberuf einen Wettbewerb. Ihr habt doch sicher schon von Friseurlehrlingen geh\u00f6rt, die nach Haarmodels suchen f\u00fcr einen Wettkampf. Nat\u00fcrlich habe ich keine Haarmodels gebraucht, denn beim Lehrlingswettbewerb INLehre konnte man in den Gegenst\u00e4nden Deutsch, Englisch oder Mathematik antreten. Ich bin in der Disziplin Deutsch angetreten und musste einen Vortrag vorbereiten. Zu welchem Thema? Genau, Automatisierung. Da ich meine Ausbildung in einem IT Unternehmen mache, habe ich mit diesem Thema tagein tagaus zu tun.<\/p>\n<p><a href=\"https:\/\/anexia.com\/blog\/wp-content\/uploads\/2017\/12\/JOR_Christina_Rauter_Blog_1.jpg\"><img loading=\"lazy\" decoding=\"async\" class=\"alignnone wp-image-3259\" src=\"https:\/\/anexia.com\/blog\/wp-content\/uploads\/2017\/12\/JOR_Christina_Rauter_Blog_1.jpg\" alt=\"JOR_Christina_Rauter_Blog_1\" width=\"600\" height=\"400\" srcset=\"https:\/\/anexia.com\/blog\/wp-content\/uploads\/2017\/12\/JOR_Christina_Rauter_Blog_1.jpg 1800w, https:\/\/anexia.com\/blog\/wp-content\/uploads\/2017\/12\/JOR_Christina_Rauter_Blog_1-325x217.jpg 325w, https:\/\/anexia.com\/blog\/wp-content\/uploads\/2017\/12\/JOR_Christina_Rauter_Blog_1-300x200.jpg 300w, https:\/\/anexia.com\/blog\/wp-content\/uploads\/2017\/12\/JOR_Christina_Rauter_Blog_1-768x512.jpg 768w, https:\/\/anexia.com\/blog\/wp-content\/uploads\/2017\/12\/JOR_Christina_Rauter_Blog_1-1024x683.jpg 1024w\" sizes=\"(max-width: 600px) 100vw, 600px\" \/><\/a><\/p>\n<h2>CICERO UND \u00c4PFEL: DIE VORBEREITUNG ZUM WETTBEWERB<\/h2>\n<p>Zur Vorbereitung auf den Wettbewerb fand ein Rhetorikseminar organisiert von der Industriellenvereinigung (iv) statt. Rhetorik ist die Kunst des Redens und war bereits in der Antike ein wichtiges Thema. <a href=\"https:\/\/de.wikipedia.org\/wiki\/Marcus_Tullius_Cicero\" target=\"_blank\" rel=\"noopener\">Marcus Tullius Cicero<\/a> war ein sehr \u00fcberzeugender Redner und schrieb ein Lehrbuch \u00fcber seine Erfahrungen als Redner und Politiker. H\u00e4tte er nicht so \u00fcberzeugend pr\u00e4sentiert, w\u00e4re er nie Anwalt Roms geworden. Ich finde auch, dass die Art, wie man etwas pr\u00e4sentiert, sehr wichtig ist. Deshalb hat mir das Rhetorikseminar sehr gut gefallen. Ich habe nicht nur gelernt wie man richtig pr\u00e4sentiert, ich habe auch gelernt wie ich mit Lampenfieber umgehen und wie ich meine Stimme kontrollieren kann. Zum Beispiel haben wir einen Apfel in den Mund genommen und den <a href=\"https:\/\/gutenberg.spiegel.de\/buch\/gedichte-9503\/128\" target=\"_blank\" rel=\"noopener\">Erlk\u00f6nig<\/a> vorgelesen, dass hilft die Muskulatur zu entspannen. Und nat\u00fcrlich haben wir alle die Chance beim Seminar genutzt und die Mitarbeiterinnen und Mitarbeiter der iv mit unseren offenen Fragen zum Wettbewerb gel\u00f6chert.<\/p>\n<p><a href=\"https:\/\/anexia.com\/blog\/wp-content\/uploads\/2017\/12\/JOR_Christina_Rauter_Blog_2.jpg\"><img loading=\"lazy\" decoding=\"async\" class=\"alignnone wp-image-3260\" src=\"https:\/\/anexia.com\/blog\/wp-content\/uploads\/2017\/12\/JOR_Christina_Rauter_Blog_2.jpg\" alt=\"JOR_Christina_Rauter_Blog_2\" width=\"600\" height=\"400\" srcset=\"https:\/\/anexia.com\/blog\/wp-content\/uploads\/2017\/12\/JOR_Christina_Rauter_Blog_2.jpg 1800w, https:\/\/anexia.com\/blog\/wp-content\/uploads\/2017\/12\/JOR_Christina_Rauter_Blog_2-325x217.jpg 325w, https:\/\/anexia.com\/blog\/wp-content\/uploads\/2017\/12\/JOR_Christina_Rauter_Blog_2-300x200.jpg 300w, https:\/\/anexia.com\/blog\/wp-content\/uploads\/2017\/12\/JOR_Christina_Rauter_Blog_2-768x512.jpg 768w, https:\/\/anexia.com\/blog\/wp-content\/uploads\/2017\/12\/JOR_Christina_Rauter_Blog_2-1024x683.jpg 1024w\" sizes=\"(max-width: 600px) 100vw, 600px\" \/><\/a><\/p>\n<p>&nbsp;<\/p>\n<h2>DER TAG DER WAHRHEIT<\/h2>\n<p>Obwohl ich die Tage zuvor meinen Text sehr gut ge\u00fcbt habe, war ich anfangs noch ziemlich aufgeregt. Wer mag es schon, eine Pr\u00e4sentation vor so vielen Leuten zu halten? Zwar bin ich es als S\u00e4ngerin gewohnt vor gro\u00dfen Mengen zu stehen, zum Beispiel bei Hochzeiten. Beim Wettbewerb war ich aber viel aufgeregter, wie wenn ich vor einem gro\u00dfen Publikum singen m\u00fcsste. Die Z\u00e4hne klapperten und die H\u00e4nde zitterten, aber die Aufregung verschwand als ich die Lehrlinge vom Rhetorikseminar wieder getroffen habe. Es hat richtig viel Spa\u00df gemacht, sich mit anderen Azubis auszutauschen: \u00dcber die Ausbildung aber auch \u00fcber den Wettbewerb.<\/p>\n<p>Um acht Uhr sa\u00df ich bereit, ausgestattet mit meinem Handy und einem Windrad im H\u00f6rsaal. Der Wettbewerb startete mit einer Begr\u00fc\u00dfung, der die aufgeregten Teilnehmer lauschten. Auch ich war sehr gespannt, wie der Tag ablaufen w\u00fcrde und ich wollte die Pr\u00e4sentation bald hinter mir haben. Leider steht mein Nachname im Alphabet eher am Ende und so musste ich warten. Kurz vor zehn Uhr wurde mein Name endlich aufgerufen und ich ging raus.<\/p>\n<p><a href=\"https:\/\/anexia.com\/blog\/wp-content\/uploads\/2017\/12\/JOR_Christina_Rauter_Blog_3.jpg\"><img loading=\"lazy\" decoding=\"async\" class=\"alignnone wp-image-3261\" src=\"https:\/\/anexia.com\/blog\/wp-content\/uploads\/2017\/12\/JOR_Christina_Rauter_Blog_3.jpg\" alt=\"JOR_Christina_Rauter_Blog_3\" width=\"600\" height=\"400\" srcset=\"https:\/\/anexia.com\/blog\/wp-content\/uploads\/2017\/12\/JOR_Christina_Rauter_Blog_3.jpg 1800w, https:\/\/anexia.com\/blog\/wp-content\/uploads\/2017\/12\/JOR_Christina_Rauter_Blog_3-325x217.jpg 325w, https:\/\/anexia.com\/blog\/wp-content\/uploads\/2017\/12\/JOR_Christina_Rauter_Blog_3-300x200.jpg 300w, https:\/\/anexia.com\/blog\/wp-content\/uploads\/2017\/12\/JOR_Christina_Rauter_Blog_3-768x512.jpg 768w, https:\/\/anexia.com\/blog\/wp-content\/uploads\/2017\/12\/JOR_Christina_Rauter_Blog_3-1024x683.jpg 1024w\" sizes=\"(max-width: 600px) 100vw, 600px\" \/><\/a><\/p>\n<p>Wof\u00fcr ich eigentlich mein Handy und das Windrad brauchte? Meinen Vortrag habe ich mit einer Frage an Siri begonnen und da ich es bei einer Pr\u00e4sentation viel sch\u00f6ner finde, wenn die Aufmerksamkeit auf der Person und nicht auf der Power Point Pr\u00e4sentation liegt, habe ich stattdessen ein Windrad verwendet um einen bestimmten Aspekt anschaulicher zu machen. Ich muss sagen, als ich da drau\u00dfen stand, war ich nicht mehr aufgeregt. Das lag vor allem daran, dass ich zuvor mit meiner Ausbilderin Lucia die Pr\u00e4sentation durchgegangen bin aber auch am Rhetorikseminar. Aber nat\u00fcrlich war ich nach meiner Pr\u00e4sentation trotzdem sehr erleichtert. Ich bekam viel Lob und durfte sogar <a href=\"http:\/\/kaernten.orf.at\/news\/stories\/2879616\/\" target=\"_blank\" rel=\"noopener\">ein Interview mit dem ORF<\/a> f\u00fchren.<\/p>\n<p>Danach hie\u00df es wieder warten bis alle ihre Pr\u00e4sentation gehalten hatten und um zw\u00f6lf Uhr ging es weiter mit einem Teamwettbewerb. Die Aufgabe war es, aus Legosteinen ein Fahrzeug zu bauen, das m\u00f6glichst weit f\u00e4hrt und m\u00f6glichst kosteng\u00fcnstig ist: jedes Legoteilchen hatte einen fiktiven Preis. \u00a0Wer h\u00e4tte es geglaubt? Gewonnen hat ein Fahrzeug bestehend aus zwei Reifen. Manchmal ist die einfachste L\u00f6sung eben die beste L\u00f6sung.<\/p>\n<h2>Interview und Lampenfieber: Was habe ich gelernt<\/h2>\n<p>Zusammenfassend kann ich sagen, dass mir der Tag wirklich gut gefallen hat und ich habe auch viel dazugelernt. Wann kann man schon ein Interview mit dem ORF f\u00fchren und andere Lehrlinge kennenlernen? Und au\u00dferdem hatte ich \u00fcberhaupt kein Lampenfieber. Es geht nicht immer darum der Beste zu sein, denn am Ende z\u00e4hlt doch die Erfahrung, die man sammelt. Ich bin sehr froh, dass ich am INLehre Wettbewerb teilnehmen durfte und dass ich von meiner Firma unterst\u00fctzt wurde. Im n\u00e4chstes Jahr lest ihr dann wieder von mir an dieser Stelle. Bis dahin: Frohe Weihnachten!<\/p>\n","protected":false},"excerpt":{"rendered":"<p>Wann f\u00fchrt man schon ein Interview und trifft andere Azubis? In diesem Blogpost erz\u00e4hlt Lehrling Chrisi \u00fcber ihren Tag beim Lehrlingswettbewerb #INLehre.<\/p>\n","protected":false},"author":26,"featured_media":3265,"comment_status":"closed","ping_status":"closed","sticky":false,"template":"","format":"standard","meta":{"footnotes":""},"categories":[72],"tags":[403,368,14],"yoast_head":"<!-- This site is optimized with the Yoast SEO plugin v22.2 - https:\/\/yoast.com\/wordpress\/plugins\/seo\/ -->\n<title>Siri, Windrad und Legoauto: Mein Auftritt beim Lehrlingswettbewerb #INLehre<\/title>\n<meta name=\"description\" content=\"Wann f\u00fchrt man schon ein Interview und trifft andere Azubis? In diesem Blogpost erz\u00e4hlt Lehrling Chrisi \u00fcber ihren Tag beim Lehrlingswettbewerb #INLehre.\" \/>\n<meta name=\"robots\" content=\"index, follow, max-snippet:-1, max-image-preview:large, max-video-preview:-1\" \/>\n<link rel=\"canonical\" href=\"https:\/\/anexia.com\/blog\/de\/siri-windrad-und-legoauto-mein-auftritt-beim-lehrlingswettbewerb-inlehre\/\" \/>\n<meta property=\"og:locale\" content=\"de_DE\" \/>\n<meta property=\"og:type\" content=\"article\" \/>\n<meta property=\"og:title\" content=\"Siri, Windrad und Legoauto: Mein Auftritt beim Lehrlingswettbewerb #INLehre\" \/>\n<meta property=\"og:description\" content=\"Wann f\u00fchrt man schon ein Interview und trifft andere Azubis? In diesem Blogpost erz\u00e4hlt Lehrling Chrisi \u00fcber ihren Tag beim Lehrlingswettbewerb #INLehre.\" \/>\n<meta property=\"og:url\" content=\"https:\/\/anexia.com\/blog\/de\/siri-windrad-und-legoauto-mein-auftritt-beim-lehrlingswettbewerb-inlehre\/\" \/>\n<meta property=\"og:site_name\" content=\"ANEXIA Blog\" \/>\n<meta property=\"article:publisher\" content=\"https:\/\/www.facebook.com\/anexiagmbh\/\" \/>\n<meta property=\"article:published_time\" content=\"2017-12-12T15:14:27+00:00\" \/>\n<meta property=\"article:modified_time\" content=\"2022-04-19T06:12:48+00:00\" \/>\n<meta property=\"og:image\" content=\"https:\/\/anexia.com\/blog\/wp-content\/uploads\/2017\/12\/JOR_ChristinaRauter-Blog-Teaser.jpg\" \/>\n\t<meta property=\"og:image:width\" content=\"672\" \/>\n\t<meta property=\"og:image:height\" content=\"372\" \/>\n\t<meta property=\"og:image:type\" content=\"image\/jpeg\" \/>\n<meta name=\"author\" content=\"Christina Rauter\" \/>\n<meta name=\"twitter:card\" content=\"summary_large_image\" \/>\n<meta name=\"twitter:creator\" content=\"@_ANEXIA\" \/>\n<meta name=\"twitter:site\" content=\"@_ANEXIA\" \/>\n<meta name=\"twitter:label1\" content=\"Verfasst von\" \/>\n\t<meta name=\"twitter:data1\" content=\"Christina Rauter\" \/>\n\t<meta name=\"twitter:label2\" content=\"Gesch\u00e4tzte Lesezeit\" \/>\n\t<meta name=\"twitter:data2\" content=\"4\u00a0Minuten\" \/>\n<script type=\"application\/ld+json\" class=\"yoast-schema-graph\">{\"@context\":\"https:\/\/schema.org\",\"@graph\":[{\"@type\":\"WebPage\",\"@id\":\"https:\/\/anexia.com\/blog\/de\/siri-windrad-und-legoauto-mein-auftritt-beim-lehrlingswettbewerb-inlehre\/\",\"url\":\"https:\/\/anexia.com\/blog\/de\/siri-windrad-und-legoauto-mein-auftritt-beim-lehrlingswettbewerb-inlehre\/\",\"name\":\"Siri, Windrad und Legoauto: Mein Auftritt beim Lehrlingswettbewerb #INLehre\",\"isPartOf\":{\"@id\":\"https:\/\/anexia.com\/blog\/#website\"},\"primaryImageOfPage\":{\"@id\":\"https:\/\/anexia.com\/blog\/de\/siri-windrad-und-legoauto-mein-auftritt-beim-lehrlingswettbewerb-inlehre\/#primaryimage\"},\"image\":{\"@id\":\"https:\/\/anexia.com\/blog\/de\/siri-windrad-und-legoauto-mein-auftritt-beim-lehrlingswettbewerb-inlehre\/#primaryimage\"},\"thumbnailUrl\":\"https:\/\/anexia.com\/blog\/wp-content\/uploads\/2017\/12\/JOR_ChristinaRauter-Blog-Teaser.jpg\",\"datePublished\":\"2017-12-12T15:14:27+00:00\",\"dateModified\":\"2022-04-19T06:12:48+00:00\",\"author\":{\"@id\":\"https:\/\/anexia.com\/blog\/#\/schema\/person\/4cc7ca13a05ef9dd7ec082944222f7df\"},\"description\":\"Wann f\u00fchrt man schon ein Interview und trifft andere Azubis? In diesem Blogpost erz\u00e4hlt Lehrling Chrisi \u00fcber ihren Tag beim Lehrlingswettbewerb #INLehre.\",\"breadcrumb\":{\"@id\":\"https:\/\/anexia.com\/blog\/de\/siri-windrad-und-legoauto-mein-auftritt-beim-lehrlingswettbewerb-inlehre\/#breadcrumb\"},\"inLanguage\":\"de\",\"potentialAction\":[{\"@type\":\"ReadAction\",\"target\":[\"https:\/\/anexia.com\/blog\/de\/siri-windrad-und-legoauto-mein-auftritt-beim-lehrlingswettbewerb-inlehre\/\"]}]},{\"@type\":\"ImageObject\",\"inLanguage\":\"de\",\"@id\":\"https:\/\/anexia.com\/blog\/de\/siri-windrad-und-legoauto-mein-auftritt-beim-lehrlingswettbewerb-inlehre\/#primaryimage\",\"url\":\"https:\/\/anexia.com\/blog\/wp-content\/uploads\/2017\/12\/JOR_ChristinaRauter-Blog-Teaser.jpg\",\"contentUrl\":\"https:\/\/anexia.com\/blog\/wp-content\/uploads\/2017\/12\/JOR_ChristinaRauter-Blog-Teaser.jpg\",\"width\":672,\"height\":372,\"caption\":\"JOR_ChristinaRauter-Blog-Teaser\"},{\"@type\":\"BreadcrumbList\",\"@id\":\"https:\/\/anexia.com\/blog\/de\/siri-windrad-und-legoauto-mein-auftritt-beim-lehrlingswettbewerb-inlehre\/#breadcrumb\",\"itemListElement\":[{\"@type\":\"ListItem\",\"position\":1,\"name\":\"Home\",\"item\":\"https:\/\/anexia.com\/blog\/de\/\"},{\"@type\":\"ListItem\",\"position\":2,\"name\":\"Siri, Windrad und Legoauto: Mein Auftritt beim Lehrlingswettbewerb #INLehre\"}]},{\"@type\":\"WebSite\",\"@id\":\"https:\/\/anexia.com\/blog\/#website\",\"url\":\"https:\/\/anexia.com\/blog\/\",\"name\":\"ANEXIA Blog\",\"description\":\"[:de] ANEXIA Blog - Technischen Themen, Anexia News und Insights [:]\",\"potentialAction\":[{\"@type\":\"SearchAction\",\"target\":{\"@type\":\"EntryPoint\",\"urlTemplate\":\"https:\/\/anexia.com\/blog\/?s={search_term_string}\"},\"query-input\":\"required name=search_term_string\"}],\"inLanguage\":\"de\"},{\"@type\":\"Person\",\"@id\":\"https:\/\/anexia.com\/blog\/#\/schema\/person\/4cc7ca13a05ef9dd7ec082944222f7df\",\"name\":\"Christina Rauter\",\"image\":{\"@type\":\"ImageObject\",\"inLanguage\":\"de\",\"@id\":\"https:\/\/anexia.com\/blog\/#\/schema\/person\/image\/\",\"url\":\"https:\/\/secure.gravatar.com\/avatar\/9b339d736cb870814a9ec814e019c48f?s=96&d=mm&r=g\",\"contentUrl\":\"https:\/\/secure.gravatar.com\/avatar\/9b339d736cb870814a9ec814e019c48f?s=96&d=mm&r=g\",\"caption\":\"Christina Rauter\"},\"url\":\"https:\/\/anexia.com\/blog\/author\/crauter\/\"}]}<\/script>\n<!-- \/ Yoast SEO plugin. -->","yoast_head_json":{"title":"Siri, Windrad und Legoauto: Mein Auftritt beim Lehrlingswettbewerb #INLehre","description":"Wann f\u00fchrt man schon ein Interview und trifft andere Azubis? In diesem Blogpost erz\u00e4hlt Lehrling Chrisi \u00fcber ihren Tag beim Lehrlingswettbewerb #INLehre.","robots":{"index":"index","follow":"follow","max-snippet":"max-snippet:-1","max-image-preview":"max-image-preview:large","max-video-preview":"max-video-preview:-1"},"canonical":"https:\/\/anexia.com\/blog\/de\/siri-windrad-und-legoauto-mein-auftritt-beim-lehrlingswettbewerb-inlehre\/","og_locale":"de_DE","og_type":"article","og_title":"Siri, Windrad und Legoauto: Mein Auftritt beim Lehrlingswettbewerb #INLehre","og_description":"Wann f\u00fchrt man schon ein Interview und trifft andere Azubis? In diesem Blogpost erz\u00e4hlt Lehrling Chrisi \u00fcber ihren Tag beim Lehrlingswettbewerb #INLehre.","og_url":"https:\/\/anexia.com\/blog\/de\/siri-windrad-und-legoauto-mein-auftritt-beim-lehrlingswettbewerb-inlehre\/","og_site_name":"ANEXIA Blog","article_publisher":"https:\/\/www.facebook.com\/anexiagmbh\/","article_published_time":"2017-12-12T15:14:27+00:00","article_modified_time":"2022-04-19T06:12:48+00:00","og_image":[{"width":672,"height":372,"url":"https:\/\/anexia.com\/blog\/wp-content\/uploads\/2017\/12\/JOR_ChristinaRauter-Blog-Teaser.jpg","type":"image\/jpeg"}],"author":"Christina Rauter","twitter_card":"summary_large_image","twitter_creator":"@_ANEXIA","twitter_site":"@_ANEXIA","twitter_misc":{"Verfasst von":"Christina Rauter","Gesch\u00e4tzte Lesezeit":"4\u00a0Minuten"},"schema":{"@context":"https:\/\/schema.org","@graph":[{"@type":"WebPage","@id":"https:\/\/anexia.com\/blog\/de\/siri-windrad-und-legoauto-mein-auftritt-beim-lehrlingswettbewerb-inlehre\/","url":"https:\/\/anexia.com\/blog\/de\/siri-windrad-und-legoauto-mein-auftritt-beim-lehrlingswettbewerb-inlehre\/","name":"Siri, Windrad und Legoauto: Mein Auftritt beim Lehrlingswettbewerb #INLehre","isPartOf":{"@id":"https:\/\/anexia.com\/blog\/#website"},"primaryImageOfPage":{"@id":"https:\/\/anexia.com\/blog\/de\/siri-windrad-und-legoauto-mein-auftritt-beim-lehrlingswettbewerb-inlehre\/#primaryimage"},"image":{"@id":"https:\/\/anexia.com\/blog\/de\/siri-windrad-und-legoauto-mein-auftritt-beim-lehrlingswettbewerb-inlehre\/#primaryimage"},"thumbnailUrl":"https:\/\/anexia.com\/blog\/wp-content\/uploads\/2017\/12\/JOR_ChristinaRauter-Blog-Teaser.jpg","datePublished":"2017-12-12T15:14:27+00:00","dateModified":"2022-04-19T06:12:48+00:00","author":{"@id":"https:\/\/anexia.com\/blog\/#\/schema\/person\/4cc7ca13a05ef9dd7ec082944222f7df"},"description":"Wann f\u00fchrt man schon ein Interview und trifft andere Azubis? In diesem Blogpost erz\u00e4hlt Lehrling Chrisi \u00fcber ihren Tag beim Lehrlingswettbewerb #INLehre.","breadcrumb":{"@id":"https:\/\/anexia.com\/blog\/de\/siri-windrad-und-legoauto-mein-auftritt-beim-lehrlingswettbewerb-inlehre\/#breadcrumb"},"inLanguage":"de","potentialAction":[{"@type":"ReadAction","target":["https:\/\/anexia.com\/blog\/de\/siri-windrad-und-legoauto-mein-auftritt-beim-lehrlingswettbewerb-inlehre\/"]}]},{"@type":"ImageObject","inLanguage":"de","@id":"https:\/\/anexia.com\/blog\/de\/siri-windrad-und-legoauto-mein-auftritt-beim-lehrlingswettbewerb-inlehre\/#primaryimage","url":"https:\/\/anexia.com\/blog\/wp-content\/uploads\/2017\/12\/JOR_ChristinaRauter-Blog-Teaser.jpg","contentUrl":"https:\/\/anexia.com\/blog\/wp-content\/uploads\/2017\/12\/JOR_ChristinaRauter-Blog-Teaser.jpg","width":672,"height":372,"caption":"JOR_ChristinaRauter-Blog-Teaser"},{"@type":"BreadcrumbList","@id":"https:\/\/anexia.com\/blog\/de\/siri-windrad-und-legoauto-mein-auftritt-beim-lehrlingswettbewerb-inlehre\/#breadcrumb","itemListElement":[{"@type":"ListItem","position":1,"name":"Home","item":"https:\/\/anexia.com\/blog\/de\/"},{"@type":"ListItem","position":2,"name":"Siri, Windrad und Legoauto: Mein Auftritt beim Lehrlingswettbewerb #INLehre"}]},{"@type":"WebSite","@id":"https:\/\/anexia.com\/blog\/#website","url":"https:\/\/anexia.com\/blog\/","name":"ANEXIA Blog","description":"[:de] ANEXIA Blog - Technischen Themen, Anexia News und Insights [:]","potentialAction":[{"@type":"SearchAction","target":{"@type":"EntryPoint","urlTemplate":"https:\/\/anexia.com\/blog\/?s={search_term_string}"},"query-input":"required name=search_term_string"}],"inLanguage":"de"},{"@type":"Person","@id":"https:\/\/anexia.com\/blog\/#\/schema\/person\/4cc7ca13a05ef9dd7ec082944222f7df","name":"Christina Rauter","image":{"@type":"ImageObject","inLanguage":"de","@id":"https:\/\/anexia.com\/blog\/#\/schema\/person\/image\/","url":"https:\/\/secure.gravatar.com\/avatar\/9b339d736cb870814a9ec814e019c48f?s=96&d=mm&r=g","contentUrl":"https:\/\/secure.gravatar.com\/avatar\/9b339d736cb870814a9ec814e019c48f?s=96&d=mm&r=g","caption":"Christina Rauter"},"url":"https:\/\/anexia.com\/blog\/author\/crauter\/"}]}},"lang":"de","translations":{"de":3253,"en":6722},"amp_enabled":true,"pll_sync_post":[],"_links":{"self":[{"href":"https:\/\/anexia.com\/blog\/wp-json\/wp\/v2\/posts\/3253"}],"collection":[{"href":"https:\/\/anexia.com\/blog\/wp-json\/wp\/v2\/posts"}],"about":[{"href":"https:\/\/anexia.com\/blog\/wp-json\/wp\/v2\/types\/post"}],"author":[{"embeddable":true,"href":"https:\/\/anexia.com\/blog\/wp-json\/wp\/v2\/users\/26"}],"replies":[{"embeddable":true,"href":"https:\/\/anexia.com\/blog\/wp-json\/wp\/v2\/comments?post=3253"}],"version-history":[{"count":11,"href":"https:\/\/anexia.com\/blog\/wp-json\/wp\/v2\/posts\/3253\/revisions"}],"predecessor-version":[{"id":6724,"href":"https:\/\/anexia.com\/blog\/wp-json\/wp\/v2\/posts\/3253\/revisions\/6724"}],"wp:featuredmedia":[{"embeddable":true,"href":"https:\/\/anexia.com\/blog\/wp-json\/wp\/v2\/media\/3265"}],"wp:attachment":[{"href":"https:\/\/anexia.com\/blog\/wp-json\/wp\/v2\/media?parent=3253"}],"wp:term":[{"taxonomy":"category","embeddable":true,"href":"https:\/\/anexia.com\/blog\/wp-json\/wp\/v2\/categories?post=3253"},{"taxonomy":"post_tag","embeddable":true,"href":"https:\/\/anexia.com\/blog\/wp-json\/wp\/v2\/tags?post=3253"}],"curies":[{"name":"wp","href":"https:\/\/api.w.org\/{rel}","templated":true}]}}