{"id":3695,"date":"2018-07-23T10:26:17","date_gmt":"2018-07-23T10:26:17","guid":{"rendered":"https:\/\/anexia.com\/blog\/de\/?p=3695"},"modified":"2022-08-04T15:06:45","modified_gmt":"2022-08-04T13:06:45","slug":"juergen-haemmerl-ich-bereue-die-entscheidung-keinen-einzigen-tag","status":"publish","type":"post","link":"https:\/\/anexia.com\/blog\/de\/juergen-haemmerl-ich-bereue-die-entscheidung-keinen-einzigen-tag\/","title":{"rendered":"J\u00fcrgen H\u00e4mmerl: Technical Leader Transition"},"content":{"rendered":"<h2>\u201eIch bereue die Entscheidung keinen einzigen Tag\u201c<\/h2>\n<p>Unz\u00e4hlige Auftr\u00e4ge, Telefonanrufe und Gespr\u00e4che pro Tag und da noch den \u00dcberblick behalten, das schafft nicht jeder. F\u00fcr Technical Leader Transition J\u00fcrgen ist das aber kein Problem. Was ihr nicht wissen k\u00f6nnt: Urspr\u00fcnglich wollte der Familienvater etwas ganz anderes werden, n\u00e4mlich Mediendesigner.<\/p>\n<p>Wir haben das Anexia Sommerfest als Gelegenheit genutzt, um unseren Regensburger Kollegen zum Interview zu treffen. Warum er sich f\u00fcr einen anderen Bildungsweg entschieden hat und warum er in seinem jetzigen Beruf dennoch Kreativit\u00e4t braucht, erz\u00e4hlt er euch in diesem <a href=\"https:\/\/anexia.com\/de\/unternehmen\/karriere\/\">#joinourrevolution<\/a> Interview.<\/p>\n<p><a href=\"https:\/\/anexia.com\/blog\/wp-content\/uploads\/2018\/07\/JOR_Juergen_Haemmerl_Bild1.jpg\"><img loading=\"lazy\" decoding=\"async\" class=\"alignnone wp-image-3696\" src=\"https:\/\/anexia.com\/blog\/wp-content\/uploads\/2018\/07\/JOR_Juergen_Haemmerl_Bild1.jpg\" alt=\"Technical Leader Transition J\u00fcrgen 1\" width=\"600\" height=\"400\" srcset=\"https:\/\/anexia.com\/blog\/wp-content\/uploads\/2018\/07\/JOR_Juergen_Haemmerl_Bild1.jpg 1800w, https:\/\/anexia.com\/blog\/wp-content\/uploads\/2018\/07\/JOR_Juergen_Haemmerl_Bild1-325x217.jpg 325w, https:\/\/anexia.com\/blog\/wp-content\/uploads\/2018\/07\/JOR_Juergen_Haemmerl_Bild1-300x200.jpg 300w, https:\/\/anexia.com\/blog\/wp-content\/uploads\/2018\/07\/JOR_Juergen_Haemmerl_Bild1-768x512.jpg 768w, https:\/\/anexia.com\/blog\/wp-content\/uploads\/2018\/07\/JOR_Juergen_Haemmerl_Bild1-1024x683.jpg 1024w\" sizes=\"(max-width: 600px) 100vw, 600px\" \/><\/a><\/p>\n<hr \/>\n<p><strong>K\u00f6nntest du dich einmal kurz vorstellen: Wer bist du und was machst du bei der Anexia?<\/strong><br \/>\nIch bin der J\u00fcrgen, bin 28 Jahre alt und komme aus Bayern, genauer gesagt aus der Oberpfalz. Ich arbeite in der Transition and Service Design Abteilung als Technical Leader Transition.<\/p>\n<p><strong>Transition and Service Design: Da habe ich auch gleich ein paar Fragen dazu. Was macht deine Abteilung und was hei\u00dft \u00fcberhaupt Transition?<\/strong><br \/>\nAlso man kann es sich so vorstellen: Unsere Auftr\u00e4ge kommen regelm\u00e4\u00dfig \u00fcber unseren Vertrieb rein. Bevor es unsere Abteilung gegeben hat sind die Auftr\u00e4ge direkt in die technische Abteilung gekommen und wurden dort auch abgearbeitet. Da wir immer gr\u00f6\u00dfer werden, funktioniert das nicht mehr, deshalb gibt es jetzt uns. Wir koordinieren zwischen dem Vertrieb und der technischen Abteilung. Wir sind wie die Projektleitung nur, dass wir nicht nur organisatorisch, sondern auch technisch mitwirken. Wir sprechen mit dem Kunden, wir designen im Consulting Bereich mit dem Kunden Umgebungen, diese sizen wir und letztendlich machen wir die Grundlage f\u00fcr Angebote, welche der Sales dann zum Kunden schickt. Au\u00dferdem sprechen wir mit dem Kunden, wenn etwas fehlt, und geben Tipps f\u00fcr eventuelle Infrastrukturabsicherungen. Das Wort Transition selbst kommt von ITIL. ITIL ist eine Prozesslandschaft f\u00fcr die IT und Transition ist sozusagen der Auftrag.<\/p>\n<blockquote><p>Dadurch, dass wir doch eine gro\u00dfe Firma sind, braucht es jemanden der das Ganze ein bisschen koordiniert und das mach ich.<\/p><\/blockquote>\n<p><strong>Was sind deine Aufgabengebiete als Technical Leader Transition? <\/strong><br \/>\nIn der Abteilung haben wir mehrere Transition Engineers die die Auftr\u00e4ge bearbeiten. Alle arbeiten zwar selbstst\u00e4ndig, aber dadurch, dass wir doch eine gro\u00dfe Firma sind, braucht es jemanden der das koordiniert. Das mache ich und nat\u00fcrlich \u00fcbernehme ich auch selber Auftr\u00e4ge.<\/p>\n<p><strong>Wie sieht da dein Arbeitsalltag aus?<\/strong><br \/>\nIch bin sehr oft am Telefon. Dadurch das ich Technical Leader bin, kommen auch Eskalationen zu mir. Ich greif dann ein, wenn es noch nicht zu sp\u00e4t ist, aber der Kunde schon ein bisschen anges\u00e4uert ist. Sonst sieht jeder Tag anders aus und das finde ich sehr spannend. Nat\u00fcrlich gibt es ein Schema, wir stimmen uns regelm\u00e4\u00dfig im Team ab, vor allem dadurch das wir weiter auseinander sind, aber faktisch ist jeder Tag anders. Das gef\u00e4llt mir bei Anexia. Wir haben ein extrem breites Spektrum an Produkten und Services.<\/p>\n<p><a href=\"https:\/\/anexia.com\/blog\/wp-content\/uploads\/2018\/07\/JOR_Juergen_Haemmerl_Bild3_small.jpg\"><img loading=\"lazy\" decoding=\"async\" class=\"alignnone wp-image-3700\" src=\"https:\/\/anexia.com\/blog\/wp-content\/uploads\/2018\/07\/JOR_Juergen_Haemmerl_Bild3_small.jpg\" alt=\"Technical Leader Transition J\u00fcrgen 2\" width=\"600\" height=\"400\" srcset=\"https:\/\/anexia.com\/blog\/wp-content\/uploads\/2018\/07\/JOR_Juergen_Haemmerl_Bild3_small.jpg 1800w, https:\/\/anexia.com\/blog\/wp-content\/uploads\/2018\/07\/JOR_Juergen_Haemmerl_Bild3_small-325x217.jpg 325w, https:\/\/anexia.com\/blog\/wp-content\/uploads\/2018\/07\/JOR_Juergen_Haemmerl_Bild3_small-300x200.jpg 300w, https:\/\/anexia.com\/blog\/wp-content\/uploads\/2018\/07\/JOR_Juergen_Haemmerl_Bild3_small-768x512.jpg 768w, https:\/\/anexia.com\/blog\/wp-content\/uploads\/2018\/07\/JOR_Juergen_Haemmerl_Bild3_small-1024x683.jpg 1024w\" sizes=\"(max-width: 600px) 100vw, 600px\" \/><\/a><\/p>\n<p><strong>Euer Team ist \u00fcber viele Standorte verteilt. Viele von euch machen Homeoffice. Wie l\u00e4uft da die Kommunikation untereinander?<\/strong><br \/>\nWir telefonieren regelm\u00e4\u00dfig. Da unsere Abteilung nochmal in Service Management und Transition untergliedert wird, stimmen sich beide Teile separat ab. Wir besprechen dann aktuelle Themen die besonders zu beachten sind: wenn jemand Hilfe braucht oder wenn irgendwas aus dem Ruder l\u00e4uft und ab und zu kommen mein Chef der Christian (Head of Transition &amp; Service Design, Anm. der Red.) und Kollegen auch mal nach Regensburg. Da bei uns viel Teamarbeit gefragt ist, schauen wir das wir als Team \u00f6fters zusammenkommen und alles nochmal durchsprechen. Wo gibt es Verbesserungspotenzial? Was ist gut gelaufen? Was ist nicht so gut gelaufen? Wir wollen uns immer weiter verbessern.<\/p>\n<p><strong>Wie viele seid ihr im Team?<\/strong><br \/>\nWir sind im Team, inklusive mir, zehn Leute. 4 Engineers, da z\u00e4hle ich mich mal dazu, dann haben wir zwei Service Manager und zwei Management Assistants, welche sowohl im Service Management als auch bei uns arbeiten. Sie machen mit dem Kunden Termine aus und dann gibt es noch einen Service Process Specialist und nat\u00fcrlich unseren Head of Transition &amp; Service Design.<\/p>\n<p><strong>Welche Ausbildung hast du gemacht?<\/strong><br \/>\nIch habe eine Ausbildung zum Fachinformatiker in Systemintegration bei einem medizinischen Unternehmen, die Drogentests und Co durchf\u00fchren, gemacht. Es war sehr abwechslungsreich, da ich in der Ausbildung viel selbst gemacht habe. Ich bin auch als normaler Mitarbeiter eingesetzt worden, im Support, im Helpdesk bei internen Projekten, usw. Es war zwar nur die interne IT, aber da das Unternehmen mehrere Standorte hatte, musste ich auch viel telefonieren.<\/p>\n<p><strong>Du bist im Regensburger B\u00fcro. Wie lange gibt es das B\u00fcro schon und wie ist es zu dem Ableger von Anexia in Regensburg gekommen?<\/strong><br \/>\nDas war ganz witzig. Zuvor habe ich bei der SSP Europe als Consultant f\u00fcr Cloud Produkte gearbeitet. Die SSP hat dann den Bereich \u201eIT Services\u201c an Anexia verkauft. Somit wurden ein paar Mitarbeiter \u00fcbernommen und f\u00fcr die braucht man nat\u00fcrlich einen Platz. Vorher war unser B\u00fcro in den R\u00e4umen der SSP, zwar in einem separaten B\u00fcro, aber das war uns zu nah an den ehemaligen Kollegen und allem. Die Suche nach einem neuen B\u00fcro war sehr schwierig, weil Regensburg von den Mieten her extrem hoch ist. Trotzdem wollten wir ein sch\u00f6nes B\u00fcro haben und deshalb haben wir ungef\u00e4hr ein halbes Jahr gesucht, bis wir im Juni letzten Jahres endlich ein B\u00fcro gefunden haben.<\/p>\n<p><a href=\"https:\/\/anexia.com\/blog\/wp-content\/uploads\/2018\/07\/JOR_Juergen_Haemmerl_Bild4_small.jpg\"><img loading=\"lazy\" decoding=\"async\" class=\"alignnone wp-image-3698\" src=\"https:\/\/anexia.com\/blog\/wp-content\/uploads\/2018\/07\/JOR_Juergen_Haemmerl_Bild4_small.jpg\" alt=\"Technical Leader Transition J\u00fcrgen 3\" width=\"600\" height=\"400\" srcset=\"https:\/\/anexia.com\/blog\/wp-content\/uploads\/2018\/07\/JOR_Juergen_Haemmerl_Bild4_small.jpg 1800w, https:\/\/anexia.com\/blog\/wp-content\/uploads\/2018\/07\/JOR_Juergen_Haemmerl_Bild4_small-325x217.jpg 325w, https:\/\/anexia.com\/blog\/wp-content\/uploads\/2018\/07\/JOR_Juergen_Haemmerl_Bild4_small-300x200.jpg 300w, https:\/\/anexia.com\/blog\/wp-content\/uploads\/2018\/07\/JOR_Juergen_Haemmerl_Bild4_small-768x512.jpg 768w, https:\/\/anexia.com\/blog\/wp-content\/uploads\/2018\/07\/JOR_Juergen_Haemmerl_Bild4_small-1024x683.jpg 1024w\" sizes=\"(max-width: 600px) 100vw, 600px\" \/><\/a><\/p>\n<p><strong>Wie lange kann man dich also schon Anexia Mitarbeiter nennen?<\/strong><br \/>\nBei Anexia angefangen habe ich vor zweieinhalb Jahren.<\/p>\n<p><strong>Wolltest du schon immer etwas im IT Bereich machen. Was war dein Traumberuf?<\/strong><br \/>\nMein Traumberuf war es Mediendesigner zu werden und da im Videoschnitt zu arbeiten, das hat mir enorm Spa\u00df gemacht. Ich habe auch ein paar Praktika gemacht, aber um ehrlich zu sein, bin ich es nicht geworden, weil die Kreativit\u00e4t nicht gereicht hat. In meinem jetzigen Beruf brauche ich zwar auch Kreativit\u00e4t, wenn ich z.B. im Consulting mit dem Kunden etwas plane, aber nicht in dem Ma\u00df wie du sie f\u00fcr die Videobearbeitung ben\u00f6tigst.<\/p>\n<blockquote><p>Anfangs wollte ich mein Hobby nicht zum Beruf machen. Ich muss aber sagen, dass ich die Entscheidung keinen einzigen Tag bereue.<\/p><\/blockquote>\n<p><strong>Wie bist du dann auf eine Ausbildung in der IT gekommen?<\/strong><br \/>\nIch habe durch Zufall gesehen, dass die Stelle ausgeschrieben ist und mich gleich beworben. Nach der Probearbeitszeit bin ich geblieben, weil es mir so Spa\u00df gemacht hat. Ich habe mich als Kind und als Jugendlicher schon viel mit Computern besch\u00e4ftigt, bin damit auch aufgewachsen. Ich wollte mein Hobby aber nicht zum Beruf machen, weil es oft so ist, dass dir der Beruf dein Hobby kaputt macht. Ich muss aber sagen, dass ich die Entscheidung keinen einzigen Tag bereue.<\/p>\n<p><strong>W\u00fcrdest du nochmal etwas im IT Bereich studieren oder einen anderen Bildungsweg einschlagen?<\/strong><br \/>\nIch habe mir mehrfach \u00fcberlegt zu studieren, schon nach der Ausbildung, ob ich nicht gleich ein Studium im Anschluss mache. Ich hatte aber einige Freunde, die studiert haben und erz\u00e4hlt haben, dass es eben sehr viel Theorie ist. Ich wollte aber etwas Praxisbezogenes. Deshalb habe ich mir gedacht, dass mir Lehrg\u00e4nge und Fortbildungen effektiv mehr bringen als ein Studium. So habe ich viel mehr Praxiserfahrungen sammeln k\u00f6nnen. Also nein, ich habe meinen Weg gefunden.<\/p>\n<p><strong>Du wohnst in Bayern. Wolltest du auch einmal fortgehen oder sagst du: \u201eHier will ich nicht mehr weg.\u201c?<br \/>\n<\/strong>Ich habe es mir mehrfach \u00fcberlegt, aber ich muss sagen \u201edahoam\u201c ist es einfach am sch\u00f6nsten. Ich wollte auch einmal nach \u00d6sterreich ziehen, weil der Sprachunterschied dort nicht so schlimm ist. Als Bayer versteht man die \u00d6sterreicher generell sehr gut. Ab und zu gibt es nur Verst\u00e4ndigungsprobleme mit B und P. (lacht) Die Idee wegzugehen habe ich letztendlich wieder zerschlagen, weil meine Familie in Bayern ist und von ihnen will ich erstens nicht weg und zweitens gef\u00e4llt es mir in Bayern einfach. Und wenn ich nach \u00d6sterreich ziehen w\u00fcrde, k\u00f6nnte ich nicht mehr zum Urlaub dorthin fahren.<\/p>\n<p><strong>Du hast drei Kinder, bist verheiratet und arbeitest Vollzeit. Welche Eigenschaften hast du als Familienvater gelernt, die du nun auch in deiner Arbeit gebrauchen kannst?<br \/>\n<\/strong>In die Familie musst du Struktur reinbringen. Bist du bei nur einem Kind unstrukturiert, dann wird dich das Kind irgendwann ausspielen. Deshalb muss man einem Kind Grenzen abstecken und zeigen wo es sich frei bewegen darf. In der Arbeit brauchen meine Kollegen genauso Vorgaben, also nicht unbedingt Grenzen, aber auch sie brauchen Vorgaben nach denen sie sich richten k\u00f6nnen. Ein weiterer wichtiger Punkt ist Durchhalteverm\u00f6gen. Es gibt Auftr\u00e4ge, da wei\u00df man, dass das l\u00e4nger dauern wird und da muss man einfach durchhalten.<\/p>\n<p><strong>Und was unternimmst du, wenn du nicht gerade im B\u00fcro bist? Hast du ein spezielles Hobby?<\/strong><br \/>\nBei einer Familie mit drei Kindern bin ich haupts\u00e4chlich f\u00fcr die Familie da. Da ist es nat\u00fcrlich schwieriger geworden zu reisen, aber wenn der Kleinste ein bisschen \u00e4lter ist, wird das wieder zunehmen. Spezielles Hobby habe ich keines, aber ich liebe Musik, wirklich mit allen Facetten. Ich h\u00f6re sie sehr gerne und ich spiele nach M\u00f6glichkeit Gitarre. Fr\u00fcher habe ich auch mal Saxophon gespielt, wobei ich nicht w\u00fcsste ob ich das heute noch k\u00f6nnte. Ich habe zwar immer noch eines, aber das steht sch\u00f6n drapiert in meinem Wohnzimmer und gl\u00e4nzt vor sich hin.<\/p>\n<p><strong>Danke J\u00fcrgen f\u00fcr das nette Gespr\u00e4ch und ich w\u00fcnsche dir noch viel Spa\u00df auf dem Sommerfest.<br \/>\n<a href=\"https:\/\/anexia.com\/blog\/wp-content\/uploads\/2018\/07\/JOR_Juergen_Haemmerl_Bild2_small.jpg\"><img loading=\"lazy\" decoding=\"async\" class=\"alignnone wp-image-3701\" src=\"https:\/\/anexia.com\/blog\/wp-content\/uploads\/2018\/07\/JOR_Juergen_Haemmerl_Bild2_small.jpg\" alt=\"Technical Leader Transition J\u00fcrgen 4\" width=\"600\" height=\"400\" srcset=\"https:\/\/anexia.com\/blog\/wp-content\/uploads\/2018\/07\/JOR_Juergen_Haemmerl_Bild2_small.jpg 1800w, https:\/\/anexia.com\/blog\/wp-content\/uploads\/2018\/07\/JOR_Juergen_Haemmerl_Bild2_small-325x217.jpg 325w, https:\/\/anexia.com\/blog\/wp-content\/uploads\/2018\/07\/JOR_Juergen_Haemmerl_Bild2_small-300x200.jpg 300w, https:\/\/anexia.com\/blog\/wp-content\/uploads\/2018\/07\/JOR_Juergen_Haemmerl_Bild2_small-768x512.jpg 768w, https:\/\/anexia.com\/blog\/wp-content\/uploads\/2018\/07\/JOR_Juergen_Haemmerl_Bild2_small-1024x683.jpg 1024w\" sizes=\"(max-width: 600px) 100vw, 600px\" \/><\/a><br \/>\n<\/strong><\/p>\n<hr \/>\n<p>Du bist leidenschaftlicher Technik Geek und \u00fcberlegst dein Hobby zum Beruf zu machen? Dann Folge dem Beispiel von J\u00fcrgen und bewirb dich jetzt auf eine unserer offenen Stellen oder initiativ:<\/p>\n<div id=\"formularAdd\"><\/div>\n<p><script src=\"https:\/\/anexia.com\/blog\/wp-content\/themes\/anexia-www\/blogButton\/bewerbungButton.js\"><\/script><\/p>\n","protected":false},"excerpt":{"rendered":"<p>Das Hobby zum Beruf machen? Technical Leader Transition J\u00fcrgen hat diesen Schritt gewagt. Wieso er es nicht bereut erz\u00e4hlt er euch im Interview.<\/p>\n","protected":false},"author":26,"featured_media":3699,"comment_status":"closed","ping_status":"closed","sticky":false,"template":"","format":"standard","meta":{"footnotes":""},"categories":[72],"tags":[368,14,460],"yoast_head":"<!-- This site is optimized with the Yoast SEO plugin v22.2 - https:\/\/yoast.com\/wordpress\/plugins\/seo\/ -->\n<title>J\u00fcrgen H\u00e4mmerl: Technical Leader Transition - ANEXIA Blog<\/title>\n<meta name=\"description\" content=\"Das Hobby zum Beruf machen? Technical Leader Transition J\u00fcrgen hat diesen Schritt gewagt. Wieso er es nicht bereut erz\u00e4hlt er im Interview.\" \/>\n<meta name=\"robots\" content=\"index, follow, max-snippet:-1, max-image-preview:large, max-video-preview:-1\" \/>\n<link rel=\"canonical\" href=\"https:\/\/anexia.com\/blog\/de\/juergen-haemmerl-ich-bereue-die-entscheidung-keinen-einzigen-tag\/\" \/>\n<meta property=\"og:locale\" content=\"de_DE\" \/>\n<meta property=\"og:type\" content=\"article\" \/>\n<meta property=\"og:title\" content=\"J\u00fcrgen H\u00e4mmerl: Technical Leader Transition - ANEXIA Blog\" \/>\n<meta property=\"og:description\" content=\"Das Hobby zum Beruf machen? Technical Leader Transition J\u00fcrgen hat diesen Schritt gewagt. Wieso er es nicht bereut erz\u00e4hlt er im Interview.\" \/>\n<meta property=\"og:url\" content=\"https:\/\/anexia.com\/blog\/de\/juergen-haemmerl-ich-bereue-die-entscheidung-keinen-einzigen-tag\/\" \/>\n<meta property=\"og:site_name\" content=\"ANEXIA Blog\" \/>\n<meta property=\"article:publisher\" content=\"https:\/\/www.facebook.com\/anexiagmbh\/\" \/>\n<meta property=\"article:published_time\" content=\"2018-07-23T10:26:17+00:00\" \/>\n<meta property=\"article:modified_time\" content=\"2022-08-04T13:06:45+00:00\" \/>\n<meta property=\"og:image\" content=\"https:\/\/anexia.com\/blog\/wp-content\/uploads\/2018\/07\/JOR_Juergen-Blog-Teaser.jpg\" \/>\n\t<meta property=\"og:image:width\" content=\"672\" \/>\n\t<meta property=\"og:image:height\" content=\"372\" \/>\n\t<meta property=\"og:image:type\" content=\"image\/jpeg\" \/>\n<meta name=\"author\" content=\"Christina Rauter\" \/>\n<meta name=\"twitter:card\" content=\"summary_large_image\" \/>\n<meta name=\"twitter:creator\" content=\"@_ANEXIA\" \/>\n<meta name=\"twitter:site\" content=\"@_ANEXIA\" \/>\n<meta name=\"twitter:label1\" content=\"Verfasst von\" \/>\n\t<meta name=\"twitter:data1\" content=\"Christina Rauter\" \/>\n\t<meta name=\"twitter:label2\" content=\"Gesch\u00e4tzte Lesezeit\" \/>\n\t<meta name=\"twitter:data2\" content=\"8\u00a0Minuten\" \/>\n<script type=\"application\/ld+json\" class=\"yoast-schema-graph\">{\"@context\":\"https:\/\/schema.org\",\"@graph\":[{\"@type\":\"WebPage\",\"@id\":\"https:\/\/anexia.com\/blog\/de\/juergen-haemmerl-ich-bereue-die-entscheidung-keinen-einzigen-tag\/\",\"url\":\"https:\/\/anexia.com\/blog\/de\/juergen-haemmerl-ich-bereue-die-entscheidung-keinen-einzigen-tag\/\",\"name\":\"J\u00fcrgen H\u00e4mmerl: Technical Leader Transition - ANEXIA Blog\",\"isPartOf\":{\"@id\":\"https:\/\/anexia.com\/blog\/#website\"},\"primaryImageOfPage\":{\"@id\":\"https:\/\/anexia.com\/blog\/de\/juergen-haemmerl-ich-bereue-die-entscheidung-keinen-einzigen-tag\/#primaryimage\"},\"image\":{\"@id\":\"https:\/\/anexia.com\/blog\/de\/juergen-haemmerl-ich-bereue-die-entscheidung-keinen-einzigen-tag\/#primaryimage\"},\"thumbnailUrl\":\"https:\/\/anexia.com\/blog\/wp-content\/uploads\/2018\/07\/JOR_Juergen-Blog-Teaser.jpg\",\"datePublished\":\"2018-07-23T10:26:17+00:00\",\"dateModified\":\"2022-08-04T13:06:45+00:00\",\"author\":{\"@id\":\"https:\/\/anexia.com\/blog\/#\/schema\/person\/4cc7ca13a05ef9dd7ec082944222f7df\"},\"description\":\"Das Hobby zum Beruf machen? Technical Leader Transition J\u00fcrgen hat diesen Schritt gewagt. Wieso er es nicht bereut erz\u00e4hlt er im Interview.\",\"breadcrumb\":{\"@id\":\"https:\/\/anexia.com\/blog\/de\/juergen-haemmerl-ich-bereue-die-entscheidung-keinen-einzigen-tag\/#breadcrumb\"},\"inLanguage\":\"de\",\"potentialAction\":[{\"@type\":\"ReadAction\",\"target\":[\"https:\/\/anexia.com\/blog\/de\/juergen-haemmerl-ich-bereue-die-entscheidung-keinen-einzigen-tag\/\"]}]},{\"@type\":\"ImageObject\",\"inLanguage\":\"de\",\"@id\":\"https:\/\/anexia.com\/blog\/de\/juergen-haemmerl-ich-bereue-die-entscheidung-keinen-einzigen-tag\/#primaryimage\",\"url\":\"https:\/\/anexia.com\/blog\/wp-content\/uploads\/2018\/07\/JOR_Juergen-Blog-Teaser.jpg\",\"contentUrl\":\"https:\/\/anexia.com\/blog\/wp-content\/uploads\/2018\/07\/JOR_Juergen-Blog-Teaser.jpg\",\"width\":672,\"height\":372,\"caption\":\"JOR_Juergen-Blog-Teaser\"},{\"@type\":\"BreadcrumbList\",\"@id\":\"https:\/\/anexia.com\/blog\/de\/juergen-haemmerl-ich-bereue-die-entscheidung-keinen-einzigen-tag\/#breadcrumb\",\"itemListElement\":[{\"@type\":\"ListItem\",\"position\":1,\"name\":\"Home\",\"item\":\"https:\/\/anexia.com\/blog\/de\/\"},{\"@type\":\"ListItem\",\"position\":2,\"name\":\"J\u00fcrgen H\u00e4mmerl: Technical Leader Transition\"}]},{\"@type\":\"WebSite\",\"@id\":\"https:\/\/anexia.com\/blog\/#website\",\"url\":\"https:\/\/anexia.com\/blog\/\",\"name\":\"ANEXIA Blog\",\"description\":\"[:de] ANEXIA Blog - Technischen Themen, Anexia News und Insights [:]\",\"potentialAction\":[{\"@type\":\"SearchAction\",\"target\":{\"@type\":\"EntryPoint\",\"urlTemplate\":\"https:\/\/anexia.com\/blog\/?s={search_term_string}\"},\"query-input\":\"required name=search_term_string\"}],\"inLanguage\":\"de\"},{\"@type\":\"Person\",\"@id\":\"https:\/\/anexia.com\/blog\/#\/schema\/person\/4cc7ca13a05ef9dd7ec082944222f7df\",\"name\":\"Christina Rauter\",\"image\":{\"@type\":\"ImageObject\",\"inLanguage\":\"de\",\"@id\":\"https:\/\/anexia.com\/blog\/#\/schema\/person\/image\/\",\"url\":\"https:\/\/secure.gravatar.com\/avatar\/9b339d736cb870814a9ec814e019c48f?s=96&d=mm&r=g\",\"contentUrl\":\"https:\/\/secure.gravatar.com\/avatar\/9b339d736cb870814a9ec814e019c48f?s=96&d=mm&r=g\",\"caption\":\"Christina Rauter\"},\"url\":\"https:\/\/anexia.com\/blog\/author\/crauter\/\"}]}<\/script>\n<!-- \/ Yoast SEO plugin. -->","yoast_head_json":{"title":"J\u00fcrgen H\u00e4mmerl: Technical Leader Transition - ANEXIA Blog","description":"Das Hobby zum Beruf machen? Technical Leader Transition J\u00fcrgen hat diesen Schritt gewagt. Wieso er es nicht bereut erz\u00e4hlt er im Interview.","robots":{"index":"index","follow":"follow","max-snippet":"max-snippet:-1","max-image-preview":"max-image-preview:large","max-video-preview":"max-video-preview:-1"},"canonical":"https:\/\/anexia.com\/blog\/de\/juergen-haemmerl-ich-bereue-die-entscheidung-keinen-einzigen-tag\/","og_locale":"de_DE","og_type":"article","og_title":"J\u00fcrgen H\u00e4mmerl: Technical Leader Transition - ANEXIA Blog","og_description":"Das Hobby zum Beruf machen? Technical Leader Transition J\u00fcrgen hat diesen Schritt gewagt. Wieso er es nicht bereut erz\u00e4hlt er im Interview.","og_url":"https:\/\/anexia.com\/blog\/de\/juergen-haemmerl-ich-bereue-die-entscheidung-keinen-einzigen-tag\/","og_site_name":"ANEXIA Blog","article_publisher":"https:\/\/www.facebook.com\/anexiagmbh\/","article_published_time":"2018-07-23T10:26:17+00:00","article_modified_time":"2022-08-04T13:06:45+00:00","og_image":[{"width":672,"height":372,"url":"https:\/\/anexia.com\/blog\/wp-content\/uploads\/2018\/07\/JOR_Juergen-Blog-Teaser.jpg","type":"image\/jpeg"}],"author":"Christina Rauter","twitter_card":"summary_large_image","twitter_creator":"@_ANEXIA","twitter_site":"@_ANEXIA","twitter_misc":{"Verfasst von":"Christina Rauter","Gesch\u00e4tzte Lesezeit":"8\u00a0Minuten"},"schema":{"@context":"https:\/\/schema.org","@graph":[{"@type":"WebPage","@id":"https:\/\/anexia.com\/blog\/de\/juergen-haemmerl-ich-bereue-die-entscheidung-keinen-einzigen-tag\/","url":"https:\/\/anexia.com\/blog\/de\/juergen-haemmerl-ich-bereue-die-entscheidung-keinen-einzigen-tag\/","name":"J\u00fcrgen H\u00e4mmerl: Technical Leader Transition - ANEXIA Blog","isPartOf":{"@id":"https:\/\/anexia.com\/blog\/#website"},"primaryImageOfPage":{"@id":"https:\/\/anexia.com\/blog\/de\/juergen-haemmerl-ich-bereue-die-entscheidung-keinen-einzigen-tag\/#primaryimage"},"image":{"@id":"https:\/\/anexia.com\/blog\/de\/juergen-haemmerl-ich-bereue-die-entscheidung-keinen-einzigen-tag\/#primaryimage"},"thumbnailUrl":"https:\/\/anexia.com\/blog\/wp-content\/uploads\/2018\/07\/JOR_Juergen-Blog-Teaser.jpg","datePublished":"2018-07-23T10:26:17+00:00","dateModified":"2022-08-04T13:06:45+00:00","author":{"@id":"https:\/\/anexia.com\/blog\/#\/schema\/person\/4cc7ca13a05ef9dd7ec082944222f7df"},"description":"Das Hobby zum Beruf machen? Technical Leader Transition J\u00fcrgen hat diesen Schritt gewagt. Wieso er es nicht bereut erz\u00e4hlt er im Interview.","breadcrumb":{"@id":"https:\/\/anexia.com\/blog\/de\/juergen-haemmerl-ich-bereue-die-entscheidung-keinen-einzigen-tag\/#breadcrumb"},"inLanguage":"de","potentialAction":[{"@type":"ReadAction","target":["https:\/\/anexia.com\/blog\/de\/juergen-haemmerl-ich-bereue-die-entscheidung-keinen-einzigen-tag\/"]}]},{"@type":"ImageObject","inLanguage":"de","@id":"https:\/\/anexia.com\/blog\/de\/juergen-haemmerl-ich-bereue-die-entscheidung-keinen-einzigen-tag\/#primaryimage","url":"https:\/\/anexia.com\/blog\/wp-content\/uploads\/2018\/07\/JOR_Juergen-Blog-Teaser.jpg","contentUrl":"https:\/\/anexia.com\/blog\/wp-content\/uploads\/2018\/07\/JOR_Juergen-Blog-Teaser.jpg","width":672,"height":372,"caption":"JOR_Juergen-Blog-Teaser"},{"@type":"BreadcrumbList","@id":"https:\/\/anexia.com\/blog\/de\/juergen-haemmerl-ich-bereue-die-entscheidung-keinen-einzigen-tag\/#breadcrumb","itemListElement":[{"@type":"ListItem","position":1,"name":"Home","item":"https:\/\/anexia.com\/blog\/de\/"},{"@type":"ListItem","position":2,"name":"J\u00fcrgen H\u00e4mmerl: Technical Leader Transition"}]},{"@type":"WebSite","@id":"https:\/\/anexia.com\/blog\/#website","url":"https:\/\/anexia.com\/blog\/","name":"ANEXIA Blog","description":"[:de] ANEXIA Blog - Technischen Themen, Anexia News und Insights [:]","potentialAction":[{"@type":"SearchAction","target":{"@type":"EntryPoint","urlTemplate":"https:\/\/anexia.com\/blog\/?s={search_term_string}"},"query-input":"required name=search_term_string"}],"inLanguage":"de"},{"@type":"Person","@id":"https:\/\/anexia.com\/blog\/#\/schema\/person\/4cc7ca13a05ef9dd7ec082944222f7df","name":"Christina Rauter","image":{"@type":"ImageObject","inLanguage":"de","@id":"https:\/\/anexia.com\/blog\/#\/schema\/person\/image\/","url":"https:\/\/secure.gravatar.com\/avatar\/9b339d736cb870814a9ec814e019c48f?s=96&d=mm&r=g","contentUrl":"https:\/\/secure.gravatar.com\/avatar\/9b339d736cb870814a9ec814e019c48f?s=96&d=mm&r=g","caption":"Christina Rauter"},"url":"https:\/\/anexia.com\/blog\/author\/crauter\/"}]}},"lang":"de","translations":{"de":3695,"en":6652},"amp_enabled":true,"pll_sync_post":[],"_links":{"self":[{"href":"https:\/\/anexia.com\/blog\/wp-json\/wp\/v2\/posts\/3695"}],"collection":[{"href":"https:\/\/anexia.com\/blog\/wp-json\/wp\/v2\/posts"}],"about":[{"href":"https:\/\/anexia.com\/blog\/wp-json\/wp\/v2\/types\/post"}],"author":[{"embeddable":true,"href":"https:\/\/anexia.com\/blog\/wp-json\/wp\/v2\/users\/26"}],"replies":[{"embeddable":true,"href":"https:\/\/anexia.com\/blog\/wp-json\/wp\/v2\/comments?post=3695"}],"version-history":[{"count":32,"href":"https:\/\/anexia.com\/blog\/wp-json\/wp\/v2\/posts\/3695\/revisions"}],"predecessor-version":[{"id":7593,"href":"https:\/\/anexia.com\/blog\/wp-json\/wp\/v2\/posts\/3695\/revisions\/7593"}],"wp:featuredmedia":[{"embeddable":true,"href":"https:\/\/anexia.com\/blog\/wp-json\/wp\/v2\/media\/3699"}],"wp:attachment":[{"href":"https:\/\/anexia.com\/blog\/wp-json\/wp\/v2\/media?parent=3695"}],"wp:term":[{"taxonomy":"category","embeddable":true,"href":"https:\/\/anexia.com\/blog\/wp-json\/wp\/v2\/categories?post=3695"},{"taxonomy":"post_tag","embeddable":true,"href":"https:\/\/anexia.com\/blog\/wp-json\/wp\/v2\/tags?post=3695"}],"curies":[{"name":"wp","href":"https:\/\/api.w.org\/{rel}","templated":true}]}}