{"id":3761,"date":"2018-08-01T14:40:10","date_gmt":"2018-08-01T14:40:10","guid":{"rendered":"https:\/\/anexia.com\/blog\/de\/?p=3761"},"modified":"2022-08-04T13:11:06","modified_gmt":"2022-08-04T11:11:06","slug":"anexia-experte-stephan-bock-zu-ergebnissen-der-anexia-cloud-studie-2018","status":"publish","type":"post","link":"https:\/\/anexia.com\/blog\/de\/anexia-experte-stephan-bock-zu-ergebnissen-der-anexia-cloud-studie-2018\/","title":{"rendered":"Ergebnissen der Anexia Cloud Studie 2018"},"content":{"rendered":"<p>Anexia hat eine Cloud Studie in \u00d6sterreich in Auftrag gegeben um mehr \u00fcber die Einstellung, das Nutzungsverhalten und die Erwartungen von Unternehmen an Cloud Services zu erfahren. Die Ende Juni 2018 ver\u00f6ffentlichten Ergebnisse zeigten u. a., dass sich viele Unternehmen vor der Auslagerung der Daten in die Cloud f\u00fcrchten, aber ist das berechtigt? Ist ein Firmenserver wirklich sicherer?<\/p>\n<p><a href=\"https:\/\/anexia.com\/blog\/wp-content\/uploads\/2018\/07\/Anexia-2-Management-Alexander-Gotter-_DSC9321.jpg\"><img loading=\"lazy\" decoding=\"async\" class=\"alignnone wp-image-3769\" src=\"https:\/\/anexia.com\/blog\/wp-content\/uploads\/2018\/07\/Anexia-2-Management-Alexander-Gotter-_DSC9321.jpg\" alt=\"Anexia - 2 Management - Alexander Gotter _DSC9321\" width=\"599\" height=\"400\" srcset=\"https:\/\/anexia.com\/blog\/wp-content\/uploads\/2018\/07\/Anexia-2-Management-Alexander-Gotter-_DSC9321.jpg 1500w, https:\/\/anexia.com\/blog\/wp-content\/uploads\/2018\/07\/Anexia-2-Management-Alexander-Gotter-_DSC9321-325x217.jpg 325w, https:\/\/anexia.com\/blog\/wp-content\/uploads\/2018\/07\/Anexia-2-Management-Alexander-Gotter-_DSC9321-300x200.jpg 300w, https:\/\/anexia.com\/blog\/wp-content\/uploads\/2018\/07\/Anexia-2-Management-Alexander-Gotter-_DSC9321-768x513.jpg 768w, https:\/\/anexia.com\/blog\/wp-content\/uploads\/2018\/07\/Anexia-2-Management-Alexander-Gotter-_DSC9321-1024x683.jpg 1024w\" sizes=\"(max-width: 599px) 100vw, 599px\" \/><\/a><\/p>\n<p>Wir haben einen unserer Experten dazu befragt: Stephan Bock, Head of Sales, erz\u00e4hlt euch wieso die Auslagerung in die Cloud eine gute Variante ist und welche Implikationen aus den Ergebnissen folgen.<\/p>\n<p><a href=\"https:\/\/anexia.com\/blog\/wp-content\/uploads\/2018\/07\/2.jpg\"><img loading=\"lazy\" decoding=\"async\" class=\"alignnone wp-image-3773\" src=\"https:\/\/anexia.com\/blog\/wp-content\/uploads\/2018\/07\/2.jpg\" alt=\"\u00d6sterreichische Cloud Studie 2018\" width=\"599\" height=\"337\" srcset=\"https:\/\/anexia.com\/blog\/wp-content\/uploads\/2018\/07\/2.jpg 1800w, https:\/\/anexia.com\/blog\/wp-content\/uploads\/2018\/07\/2-325x183.jpg 325w, https:\/\/anexia.com\/blog\/wp-content\/uploads\/2018\/07\/2-300x169.jpg 300w, https:\/\/anexia.com\/blog\/wp-content\/uploads\/2018\/07\/2-768x432.jpg 768w, https:\/\/anexia.com\/blog\/wp-content\/uploads\/2018\/07\/2-1024x576.jpg 1024w\" sizes=\"(max-width: 599px) 100vw, 599px\" \/><\/a><\/p>\n<p>&nbsp;<\/p>\n<p><strong>Laut der Cloud Studie wissen 21 Prozent der \u00f6sterreichischen Unternehmen nicht, wo sich ihre Server befinden. Was meinst du dazu?<br \/>\n<\/strong>Ich finde dies eine sehr wichtige Erkenntnis. Wobei es in unserer heutigen, vernetzten Welt, oftmals nicht direkt ersichtlich ist und manchmal auch gar nicht so einfach herauszufinden, an welchem Standort die Cloud Services wirklich betrieben werden. Hier muss man sich schon intensiver hineindenken und recherchieren. Das kann ich dennoch jeden empfehlen. Insbesondere bei Unternehmensdaten sollte eine ganz klare Entscheidung getroffen werden, wo die Daten geografisch liegen. Grund der Unwissenheit ist unter anderem der Mangel an transparenter Information und der fehlenden Sensibilisierung f\u00fcr dieses doch wichtige Thema.<\/p>\n<p><a href=\"https:\/\/anexia.com\/blog\/wp-content\/uploads\/2018\/07\/6.jpg\"><img loading=\"lazy\" decoding=\"async\" class=\"alignnone wp-image-3775\" src=\"https:\/\/anexia.com\/blog\/wp-content\/uploads\/2018\/07\/6.jpg\" alt=\"\u00d6sterreichische Cloud Studie 2018 - gr\u00f6\u00dfte Herausforderungen \" width=\"599\" height=\"337\" srcset=\"https:\/\/anexia.com\/blog\/wp-content\/uploads\/2018\/07\/6.jpg 1800w, https:\/\/anexia.com\/blog\/wp-content\/uploads\/2018\/07\/6-325x183.jpg 325w, https:\/\/anexia.com\/blog\/wp-content\/uploads\/2018\/07\/6-300x169.jpg 300w, https:\/\/anexia.com\/blog\/wp-content\/uploads\/2018\/07\/6-768x432.jpg 768w, https:\/\/anexia.com\/blog\/wp-content\/uploads\/2018\/07\/6-1024x576.jpg 1024w\" sizes=\"(max-width: 599px) 100vw, 599px\" \/><\/a><\/p>\n<p><strong>Mit Ende Mai ist die DSGVO in Kraft getreten und viele Unternehmen sehen darin aktuell die gr\u00f6\u00dfte Herausforderung f\u00fcr die IT. Was ist deine Meinung zu dieser Thematik als Head of Sales? M\u00fcssen sich die Kunden davor f\u00fcrchten und mit welchen Konsequenzen m\u00fcssen sie bei Nicht-Einhaltung rechnen?<br \/>\n<\/strong>Die Folgen bei Nicht-Einhaltung der DSGVO sind kostenpflichtige Abmahnungen und Strafen. Die Konsequenzen fallen zum Teil aber auch sehr skurril aus. So ist kurioserweise das Online-Angebot der gro\u00dfen US-amerikanischen Tageszeitungen \u201eLos Angeles Times\u201c und \u201eChicago Tribune\u201c seit Mai nicht mehr f\u00fcr europ\u00e4ische Nutzer zug\u00e4nglich. Die Tageszeitungen sperren damit ganz bewusst europ\u00e4ische Leser aus, weil sie sich nicht auf die europ\u00e4ischen Regeln einlassen wollen. Das zeigt die Brisanz des Themas sehr deutlich.<br \/>\nWer sich ordentlich auf die DSGVO vorbereitet hat, braucht sich aber nicht zu f\u00fcrchten. Es hilft nat\u00fcrlich ungemein, mit Dienstleistern zusammenzuarbeiten, die einen hierbei ordentlich unterst\u00fctzen. Wir bei Anexia k\u00f6nnen beispielsweise f\u00fcr unsere <a href=\"https:\/\/anexia.com\/de\/hosting-it-loesungen\/\">Hosting-Kunden<\/a> sicherstellen, dass die Datenhaltung DSGVO-konform und der Betrieb von Serversystemen in \u00d6sterreich oder Deutschland erfolgt.<\/p>\n<p><a href=\"https:\/\/anexia.com\/blog\/wp-content\/uploads\/2018\/07\/8.jpg\"><img loading=\"lazy\" decoding=\"async\" class=\"alignnone wp-image-3777\" src=\"https:\/\/anexia.com\/blog\/wp-content\/uploads\/2018\/07\/8.jpg\" alt=\"\u00d6sterreichische Cloud Studie 2018 - personelle Ressourcen\" width=\"599\" height=\"337\" srcset=\"https:\/\/anexia.com\/blog\/wp-content\/uploads\/2018\/07\/8.jpg 1800w, https:\/\/anexia.com\/blog\/wp-content\/uploads\/2018\/07\/8-325x183.jpg 325w, https:\/\/anexia.com\/blog\/wp-content\/uploads\/2018\/07\/8-300x169.jpg 300w, https:\/\/anexia.com\/blog\/wp-content\/uploads\/2018\/07\/8-768x432.jpg 768w, https:\/\/anexia.com\/blog\/wp-content\/uploads\/2018\/07\/8-1024x576.jpg 1024w\" sizes=\"(max-width: 599px) 100vw, 599px\" \/><\/a><\/p>\n<p><strong>Als Sales Manager ber\u00e4t man die Kunden und betreut einen Kundenstamm. 6 von 10 Unternehmen sehen die pers\u00f6nliche Beratung auf Deutsch als kaufentscheidend, ebenso die Beratung zu Datenschutzthemen. Was bedeutet das f\u00fcr dich und dein Team?<br \/>\n<\/strong>Dieses Ergebnis zeigt mir, dass wir bei Anexia mit unserer Strategie richtig liegen. Auch wenn sich das Leistungsportfolio \u00fcber die Jahre hinweg nat\u00fcrlich ein wenig ge\u00e4ndert hat, fokussieren wir uns heute genauso wie vor zehn Jahren auf ma\u00dfgeschneiderte IT-Services f\u00fcr Gesch\u00e4ftskunden. Dabei steht die pers\u00f6nliche Beratung und Betreuung im Vordergrund. Das ist uns sehr wichtig.<\/p>\n<p><strong>Kleine Cloud Anbieter punkten durch pers\u00f6nliche Beratung. 50 Prozent der Unternehmen wollen in Zukunft Beratungsdienstleistungen vermehrt in Anspruch nehmen. Wieso meinst du ist das f\u00fcr viele so ein wichtiges Thema?<br \/>\n<\/strong>Ich denke es ist f\u00fcr so viele ein wichtiges Thema, weil es meiner Meinung nach einfach essentiell ist, sich auf das zu konzentrieren, was man richtig gut kann. Klar \u2013 es lassen sich heutzutage Cloud Services von unterschiedlichsten Anbietern in Windeseile online per Kreditkarte bestellen. Auch die Inbetriebnahme ist h\u00e4ufig sehr einfach. Schwierig wird es dann, wenn es tats\u00e4chlich um die \u00dcbernahme von Verantwortung geht. Ebenso herausfordernd sind Situationen, in denen etwas nicht so funktioniert wie es eigentlich funktionieren sollte.<br \/>\nAus Gespr\u00e4chen mit unseren Kunden und Gesch\u00e4ftspartnern wei\u00df ich, dass an uns immer wieder gesch\u00e4tzt wird, dass wir uns als Dienstleister vollumf\u00e4nglich um eine sauber funktionierende IT-Infrastruktur k\u00fcmmern. Wir sorgen f\u00fcr eine ordentliche, begleitete Inbetriebnahme, um ein stabiles Umfeld im laufenden Betrieb und stellen sicher, dass all der administrative IT-Ballast nicht das Gesch\u00e4ft unserer Kunden beeintr\u00e4chtigt. Das alles hat nat\u00fcrlich seinen Preis \u2013 keine Frage. Unser Kunde hingegen kann sich dadurch jedoch vollumf\u00e4nglich auf sein Kerngesch\u00e4ft fokussieren &#8211; was erfahrungsgem\u00e4\u00df einen sehr hohen Mehrwert bietet.<\/p>\n<p><a href=\"https:\/\/anexia.com\/blog\/wp-content\/uploads\/2018\/07\/1.jpg\"><img loading=\"lazy\" decoding=\"async\" class=\"alignnone wp-image-3772\" src=\"https:\/\/anexia.com\/blog\/wp-content\/uploads\/2018\/07\/1.jpg\" alt=\"\u00d6sterreichische Cloud Studie 2018 - Investitionen in die Cloud Services\" width=\"599\" height=\"337\" srcset=\"https:\/\/anexia.com\/blog\/wp-content\/uploads\/2018\/07\/1.jpg 1800w, https:\/\/anexia.com\/blog\/wp-content\/uploads\/2018\/07\/1-325x183.jpg 325w, https:\/\/anexia.com\/blog\/wp-content\/uploads\/2018\/07\/1-300x169.jpg 300w, https:\/\/anexia.com\/blog\/wp-content\/uploads\/2018\/07\/1-768x432.jpg 768w, https:\/\/anexia.com\/blog\/wp-content\/uploads\/2018\/07\/1-1024x576.jpg 1024w\" sizes=\"(max-width: 599px) 100vw, 599px\" \/><\/a><\/p>\n<p><strong>Bei Unternehmen \u00fcber 49 Mitarbeitern, die bereits in der Cloud sind, sehen es 45 Prozent als wahrscheinlich an, dass sie die Technologie noch st\u00e4rker nutzen. Sollte Cloud Computing auch von kleineren Unternehmen st\u00e4rker eingesetzt und genutzt werden?<br \/>\n<\/strong>Das kann man so nicht sagen. Cloud Computing er\u00f6ffnet eine Vielzahl an Vorteilen gegen\u00fcber der Nutzung eigener Hard- und Software. Es werden keine eigenen Hardware-Ressourcen mehr f\u00fcr die Speicherung von Daten ben\u00f6tigt. Es m\u00fcssen keine Softwarelizenzen mit hohem Einmalinvestment gekauft werden. Die Daten sind dar\u00fcber hinaus auf Wunsch von \u00fcberall zug\u00e4nglich. Wichtig bei einer Entscheidung f\u00fcr die Cloud ist es allerdings, einen vertrauensw\u00fcrdigen Partner zu w\u00e4hlen, der sicherstellt, dass vertrauliche Daten tats\u00e4chlich auch vertraulich behandelt werden und z.B. nicht au\u00dferhalb der EU in Umlauf geraten. Denn dann k\u00f6nnen aufgrund fehlender oder l\u00fcckenhafter Datenschutzrechte schwierige Situationen entstehen.<\/p>\n<p><a href=\"https:\/\/anexia.com\/blog\/wp-content\/uploads\/2018\/07\/7.jpg\"><img loading=\"lazy\" decoding=\"async\" class=\"alignnone wp-image-3776\" src=\"https:\/\/anexia.com\/blog\/wp-content\/uploads\/2018\/07\/7.jpg\" alt=\"7\" width=\"599\" height=\"337\" srcset=\"https:\/\/anexia.com\/blog\/wp-content\/uploads\/2018\/07\/7.jpg 1800w, https:\/\/anexia.com\/blog\/wp-content\/uploads\/2018\/07\/7-325x183.jpg 325w, https:\/\/anexia.com\/blog\/wp-content\/uploads\/2018\/07\/7-300x169.jpg 300w, https:\/\/anexia.com\/blog\/wp-content\/uploads\/2018\/07\/7-768x432.jpg 768w, https:\/\/anexia.com\/blog\/wp-content\/uploads\/2018\/07\/7-1024x576.jpg 1024w\" sizes=\"(max-width: 599px) 100vw, 599px\" \/><\/a><\/p>\n<p><strong>Knapp die H\u00e4lfte der Befragten sieht Angriffe auf die IT (z.B. DDoS Attacken) als kein relevantes Thema an, obwohl wir dieses Jahr die\u00a0<a href=\"https:\/\/derstandard.at\/2000075492832\/700-Gbits-Bislang-groesste-DDoS-Attacke-auf-Oesterreich-gemessen\" target=\"_blank\" rel=\"noopener noreferrer\">gr\u00f6\u00dfte DDoS Attacke in \u00d6sterreich<\/a>\u00a0abgewehrt haben. Wie bewertest du diese Erkenntnis? Siehst du diese Einstellung der Unternehmen als leichtsinnig an?<br \/>\n<\/strong>Ja, ich sehe diese Einstellung definitiv als leichtsinnig an. Allerdings kann ich schon nachvollziehen, weshalb dieses Thema f\u00fcr viele Unternehmen erst einmal keine Relevanz hat. Im Gespr\u00e4ch mit Kunden h\u00f6re ich sehr oft Aussagen wie: \u201eWir hatten noch nie eine <a href=\"https:\/\/anexia.com\/de\/hosting-it-loesungen\/managed-hosting\/ddos-schutz\/\">DDoS<\/a> Attacke\u201c oder \u201eWir sind viel zu klein, wir sind doch kein Ziel f\u00fcr einen DDoS Angriff. Aus meiner Sicht ist das so, als w\u00fcrde ich sagen: \u201eIch brauche doch keine Autoversicherung, denn ich hatte noch nie einen Unfall.\u201c Das kann viele Jahre gutgehen, aber wenn man Pech hat, dann trifft es einen doch. Und dann ist der Schaden m\u00f6glicherweise gro\u00df.<br \/>\nOftmals wird es Unternehmen erst dann bewusst, was es hei\u00dft, komplett offline zu sein, wenn diese Situation tats\u00e4chlich eintritt. Viele machen sich erst dann Gedanken, welche Umsatzausf\u00e4lle sie beispielsweise mit einem Onlineshop pro Stunde tats\u00e4chlich erleiden.<\/p>\n<p><a href=\"https:\/\/anexia.com\/blog\/wp-content\/uploads\/2018\/07\/3.jpg\"><img loading=\"lazy\" decoding=\"async\" class=\"alignnone wp-image-3774\" src=\"https:\/\/anexia.com\/blog\/wp-content\/uploads\/2018\/07\/3.jpg\" alt=\"3\" width=\"599\" height=\"337\" srcset=\"https:\/\/anexia.com\/blog\/wp-content\/uploads\/2018\/07\/3.jpg 1800w, https:\/\/anexia.com\/blog\/wp-content\/uploads\/2018\/07\/3-325x183.jpg 325w, https:\/\/anexia.com\/blog\/wp-content\/uploads\/2018\/07\/3-300x169.jpg 300w, https:\/\/anexia.com\/blog\/wp-content\/uploads\/2018\/07\/3-768x432.jpg 768w, https:\/\/anexia.com\/blog\/wp-content\/uploads\/2018\/07\/3-1024x576.jpg 1024w\" sizes=\"(max-width: 599px) 100vw, 599px\" \/><\/a><\/p>\n<p><strong>Viele Kunden sind sich immer noch unsicher dabei ihre Daten \u00fcber die Cloud zu sichern. \u00d6sterreich wird mit 8 von 10 Befragten als sehr vertrauensw\u00fcrdig eingestuft, was die Lokation von Daten angeht, mit Abstand gefolgt von Anbietern aus dem EU-Raum (49%) und den USA (11%). Wie kann man Kunden die Unsicherheit nehmen?<br \/>\n<\/strong>Hier kann ich Unternehmen nur empfehlen gemeinsam mit dem IT-Dienstleister seiner Wahl in ein offenes Gespr\u00e4ch einzusteigen. Aus meiner Erfahrung k\u00f6nnen viele Bedenken damit abschlie\u00dfend gekl\u00e4rt werden.<\/p>\n<hr \/>\n<p>Die Zusammenfassung der <a href=\"https:\/\/anexia.com\/fileadmin\/user_upload\/documents\/ANX_PI_Cloud_Studie_fuer_Web.pdf\" target=\"_blank\" rel=\"noopener\">Anexia Cloud Studie 2018 downloaden<\/a><br \/>\nWeitere Infos zu allen <a href=\"https:\/\/anexia.com\/de\/hosting-it-loesungen\/virtuelles-rechenzentrum\/\" target=\"_blank\" rel=\"noopener\">Anexia Cloud Services.<\/a><\/p>\n","protected":false},"excerpt":{"rendered":"<p>Wir haben einen unserer Experten Stephan Bock, Head of Sales, zu den Implikationen der Ergebnissen der Anexia Cloud Studie 2018 befragt.<\/p>\n","protected":false},"author":26,"featured_media":3784,"comment_status":"closed","ping_status":"closed","sticky":false,"template":"","format":"standard","meta":{"footnotes":""},"categories":[10,72],"tags":[467,466,468,14],"yoast_head":"<!-- This site is optimized with the Yoast SEO plugin v22.2 - https:\/\/yoast.com\/wordpress\/plugins\/seo\/ -->\n<title>Ergebnissen der Anexia Cloud Studie 2018<\/title>\n<meta name=\"description\" content=\"Zusammenfassung der sehr interessanten Ergebnisse der Cloud Studie 2018 f\u00fcr \u00d6sterreich. Alle Infos \u00fcber das Nutzungsverhalten und Erwartungen.\" \/>\n<meta name=\"robots\" content=\"index, follow, max-snippet:-1, max-image-preview:large, max-video-preview:-1\" \/>\n<link rel=\"canonical\" href=\"https:\/\/anexia.com\/blog\/de\/anexia-experte-stephan-bock-zu-ergebnissen-der-anexia-cloud-studie-2018\/\" \/>\n<meta property=\"og:locale\" content=\"de_DE\" \/>\n<meta property=\"og:type\" content=\"article\" \/>\n<meta property=\"og:title\" content=\"Ergebnissen der Anexia Cloud Studie 2018\" \/>\n<meta property=\"og:description\" content=\"Zusammenfassung der sehr interessanten Ergebnisse der Cloud Studie 2018 f\u00fcr \u00d6sterreich. Alle Infos \u00fcber das Nutzungsverhalten und Erwartungen.\" \/>\n<meta property=\"og:url\" content=\"https:\/\/anexia.com\/blog\/de\/anexia-experte-stephan-bock-zu-ergebnissen-der-anexia-cloud-studie-2018\/\" \/>\n<meta property=\"og:site_name\" content=\"ANEXIA Blog\" \/>\n<meta property=\"article:publisher\" content=\"https:\/\/www.facebook.com\/anexiagmbh\/\" \/>\n<meta property=\"article:published_time\" content=\"2018-08-01T14:40:10+00:00\" \/>\n<meta property=\"article:modified_time\" content=\"2022-08-04T11:11:06+00:00\" \/>\n<meta property=\"og:image\" content=\"https:\/\/anexia.com\/blog\/wp-content\/uploads\/2018\/08\/Cloudstudie_teaser.jpg\" \/>\n\t<meta property=\"og:image:width\" content=\"672\" \/>\n\t<meta property=\"og:image:height\" content=\"372\" \/>\n\t<meta property=\"og:image:type\" content=\"image\/jpeg\" \/>\n<meta name=\"author\" content=\"Christina Rauter\" \/>\n<meta name=\"twitter:card\" content=\"summary_large_image\" \/>\n<meta name=\"twitter:creator\" content=\"@_ANEXIA\" \/>\n<meta name=\"twitter:site\" content=\"@_ANEXIA\" \/>\n<meta name=\"twitter:label1\" content=\"Verfasst von\" \/>\n\t<meta name=\"twitter:data1\" content=\"Christina Rauter\" \/>\n\t<meta name=\"twitter:label2\" content=\"Gesch\u00e4tzte Lesezeit\" \/>\n\t<meta name=\"twitter:data2\" content=\"8\u00a0Minuten\" \/>\n<script type=\"application\/ld+json\" class=\"yoast-schema-graph\">{\"@context\":\"https:\/\/schema.org\",\"@graph\":[{\"@type\":\"WebPage\",\"@id\":\"https:\/\/anexia.com\/blog\/de\/anexia-experte-stephan-bock-zu-ergebnissen-der-anexia-cloud-studie-2018\/\",\"url\":\"https:\/\/anexia.com\/blog\/de\/anexia-experte-stephan-bock-zu-ergebnissen-der-anexia-cloud-studie-2018\/\",\"name\":\"Ergebnissen der Anexia Cloud Studie 2018\",\"isPartOf\":{\"@id\":\"https:\/\/anexia.com\/blog\/#website\"},\"primaryImageOfPage\":{\"@id\":\"https:\/\/anexia.com\/blog\/de\/anexia-experte-stephan-bock-zu-ergebnissen-der-anexia-cloud-studie-2018\/#primaryimage\"},\"image\":{\"@id\":\"https:\/\/anexia.com\/blog\/de\/anexia-experte-stephan-bock-zu-ergebnissen-der-anexia-cloud-studie-2018\/#primaryimage\"},\"thumbnailUrl\":\"https:\/\/anexia.com\/blog\/wp-content\/uploads\/2018\/08\/Cloudstudie_teaser.jpg\",\"datePublished\":\"2018-08-01T14:40:10+00:00\",\"dateModified\":\"2022-08-04T11:11:06+00:00\",\"author\":{\"@id\":\"https:\/\/anexia.com\/blog\/#\/schema\/person\/4cc7ca13a05ef9dd7ec082944222f7df\"},\"description\":\"Zusammenfassung der sehr interessanten Ergebnisse der Cloud Studie 2018 f\u00fcr \u00d6sterreich. Alle Infos \u00fcber das Nutzungsverhalten und Erwartungen.\",\"breadcrumb\":{\"@id\":\"https:\/\/anexia.com\/blog\/de\/anexia-experte-stephan-bock-zu-ergebnissen-der-anexia-cloud-studie-2018\/#breadcrumb\"},\"inLanguage\":\"de\",\"potentialAction\":[{\"@type\":\"ReadAction\",\"target\":[\"https:\/\/anexia.com\/blog\/de\/anexia-experte-stephan-bock-zu-ergebnissen-der-anexia-cloud-studie-2018\/\"]}]},{\"@type\":\"ImageObject\",\"inLanguage\":\"de\",\"@id\":\"https:\/\/anexia.com\/blog\/de\/anexia-experte-stephan-bock-zu-ergebnissen-der-anexia-cloud-studie-2018\/#primaryimage\",\"url\":\"https:\/\/anexia.com\/blog\/wp-content\/uploads\/2018\/08\/Cloudstudie_teaser.jpg\",\"contentUrl\":\"https:\/\/anexia.com\/blog\/wp-content\/uploads\/2018\/08\/Cloudstudie_teaser.jpg\",\"width\":672,\"height\":372,\"caption\":\"Cloudstudie_teaser\"},{\"@type\":\"BreadcrumbList\",\"@id\":\"https:\/\/anexia.com\/blog\/de\/anexia-experte-stephan-bock-zu-ergebnissen-der-anexia-cloud-studie-2018\/#breadcrumb\",\"itemListElement\":[{\"@type\":\"ListItem\",\"position\":1,\"name\":\"Home\",\"item\":\"https:\/\/anexia.com\/blog\/de\/\"},{\"@type\":\"ListItem\",\"position\":2,\"name\":\"Ergebnissen der Anexia Cloud Studie 2018\"}]},{\"@type\":\"WebSite\",\"@id\":\"https:\/\/anexia.com\/blog\/#website\",\"url\":\"https:\/\/anexia.com\/blog\/\",\"name\":\"ANEXIA Blog\",\"description\":\"[:de] ANEXIA Blog - Technischen Themen, Anexia News und Insights [:]\",\"potentialAction\":[{\"@type\":\"SearchAction\",\"target\":{\"@type\":\"EntryPoint\",\"urlTemplate\":\"https:\/\/anexia.com\/blog\/?s={search_term_string}\"},\"query-input\":\"required name=search_term_string\"}],\"inLanguage\":\"de\"},{\"@type\":\"Person\",\"@id\":\"https:\/\/anexia.com\/blog\/#\/schema\/person\/4cc7ca13a05ef9dd7ec082944222f7df\",\"name\":\"Christina Rauter\",\"image\":{\"@type\":\"ImageObject\",\"inLanguage\":\"de\",\"@id\":\"https:\/\/anexia.com\/blog\/#\/schema\/person\/image\/\",\"url\":\"https:\/\/secure.gravatar.com\/avatar\/9b339d736cb870814a9ec814e019c48f?s=96&d=mm&r=g\",\"contentUrl\":\"https:\/\/secure.gravatar.com\/avatar\/9b339d736cb870814a9ec814e019c48f?s=96&d=mm&r=g\",\"caption\":\"Christina Rauter\"},\"url\":\"https:\/\/anexia.com\/blog\/author\/crauter\/\"}]}<\/script>\n<!-- \/ Yoast SEO plugin. -->","yoast_head_json":{"title":"Ergebnissen der Anexia Cloud Studie 2018","description":"Zusammenfassung der sehr interessanten Ergebnisse der Cloud Studie 2018 f\u00fcr \u00d6sterreich. Alle Infos \u00fcber das Nutzungsverhalten und Erwartungen.","robots":{"index":"index","follow":"follow","max-snippet":"max-snippet:-1","max-image-preview":"max-image-preview:large","max-video-preview":"max-video-preview:-1"},"canonical":"https:\/\/anexia.com\/blog\/de\/anexia-experte-stephan-bock-zu-ergebnissen-der-anexia-cloud-studie-2018\/","og_locale":"de_DE","og_type":"article","og_title":"Ergebnissen der Anexia Cloud Studie 2018","og_description":"Zusammenfassung der sehr interessanten Ergebnisse der Cloud Studie 2018 f\u00fcr \u00d6sterreich. Alle Infos \u00fcber das Nutzungsverhalten und Erwartungen.","og_url":"https:\/\/anexia.com\/blog\/de\/anexia-experte-stephan-bock-zu-ergebnissen-der-anexia-cloud-studie-2018\/","og_site_name":"ANEXIA Blog","article_publisher":"https:\/\/www.facebook.com\/anexiagmbh\/","article_published_time":"2018-08-01T14:40:10+00:00","article_modified_time":"2022-08-04T11:11:06+00:00","og_image":[{"width":672,"height":372,"url":"https:\/\/anexia.com\/blog\/wp-content\/uploads\/2018\/08\/Cloudstudie_teaser.jpg","type":"image\/jpeg"}],"author":"Christina Rauter","twitter_card":"summary_large_image","twitter_creator":"@_ANEXIA","twitter_site":"@_ANEXIA","twitter_misc":{"Verfasst von":"Christina Rauter","Gesch\u00e4tzte Lesezeit":"8\u00a0Minuten"},"schema":{"@context":"https:\/\/schema.org","@graph":[{"@type":"WebPage","@id":"https:\/\/anexia.com\/blog\/de\/anexia-experte-stephan-bock-zu-ergebnissen-der-anexia-cloud-studie-2018\/","url":"https:\/\/anexia.com\/blog\/de\/anexia-experte-stephan-bock-zu-ergebnissen-der-anexia-cloud-studie-2018\/","name":"Ergebnissen der Anexia Cloud Studie 2018","isPartOf":{"@id":"https:\/\/anexia.com\/blog\/#website"},"primaryImageOfPage":{"@id":"https:\/\/anexia.com\/blog\/de\/anexia-experte-stephan-bock-zu-ergebnissen-der-anexia-cloud-studie-2018\/#primaryimage"},"image":{"@id":"https:\/\/anexia.com\/blog\/de\/anexia-experte-stephan-bock-zu-ergebnissen-der-anexia-cloud-studie-2018\/#primaryimage"},"thumbnailUrl":"https:\/\/anexia.com\/blog\/wp-content\/uploads\/2018\/08\/Cloudstudie_teaser.jpg","datePublished":"2018-08-01T14:40:10+00:00","dateModified":"2022-08-04T11:11:06+00:00","author":{"@id":"https:\/\/anexia.com\/blog\/#\/schema\/person\/4cc7ca13a05ef9dd7ec082944222f7df"},"description":"Zusammenfassung der sehr interessanten Ergebnisse der Cloud Studie 2018 f\u00fcr \u00d6sterreich. Alle Infos \u00fcber das Nutzungsverhalten und Erwartungen.","breadcrumb":{"@id":"https:\/\/anexia.com\/blog\/de\/anexia-experte-stephan-bock-zu-ergebnissen-der-anexia-cloud-studie-2018\/#breadcrumb"},"inLanguage":"de","potentialAction":[{"@type":"ReadAction","target":["https:\/\/anexia.com\/blog\/de\/anexia-experte-stephan-bock-zu-ergebnissen-der-anexia-cloud-studie-2018\/"]}]},{"@type":"ImageObject","inLanguage":"de","@id":"https:\/\/anexia.com\/blog\/de\/anexia-experte-stephan-bock-zu-ergebnissen-der-anexia-cloud-studie-2018\/#primaryimage","url":"https:\/\/anexia.com\/blog\/wp-content\/uploads\/2018\/08\/Cloudstudie_teaser.jpg","contentUrl":"https:\/\/anexia.com\/blog\/wp-content\/uploads\/2018\/08\/Cloudstudie_teaser.jpg","width":672,"height":372,"caption":"Cloudstudie_teaser"},{"@type":"BreadcrumbList","@id":"https:\/\/anexia.com\/blog\/de\/anexia-experte-stephan-bock-zu-ergebnissen-der-anexia-cloud-studie-2018\/#breadcrumb","itemListElement":[{"@type":"ListItem","position":1,"name":"Home","item":"https:\/\/anexia.com\/blog\/de\/"},{"@type":"ListItem","position":2,"name":"Ergebnissen der Anexia Cloud Studie 2018"}]},{"@type":"WebSite","@id":"https:\/\/anexia.com\/blog\/#website","url":"https:\/\/anexia.com\/blog\/","name":"ANEXIA Blog","description":"[:de] ANEXIA Blog - Technischen Themen, Anexia News und Insights [:]","potentialAction":[{"@type":"SearchAction","target":{"@type":"EntryPoint","urlTemplate":"https:\/\/anexia.com\/blog\/?s={search_term_string}"},"query-input":"required name=search_term_string"}],"inLanguage":"de"},{"@type":"Person","@id":"https:\/\/anexia.com\/blog\/#\/schema\/person\/4cc7ca13a05ef9dd7ec082944222f7df","name":"Christina Rauter","image":{"@type":"ImageObject","inLanguage":"de","@id":"https:\/\/anexia.com\/blog\/#\/schema\/person\/image\/","url":"https:\/\/secure.gravatar.com\/avatar\/9b339d736cb870814a9ec814e019c48f?s=96&d=mm&r=g","contentUrl":"https:\/\/secure.gravatar.com\/avatar\/9b339d736cb870814a9ec814e019c48f?s=96&d=mm&r=g","caption":"Christina Rauter"},"url":"https:\/\/anexia.com\/blog\/author\/crauter\/"}]}},"lang":"de","translations":{"de":3761,"en":6648},"amp_enabled":true,"pll_sync_post":[],"_links":{"self":[{"href":"https:\/\/anexia.com\/blog\/wp-json\/wp\/v2\/posts\/3761"}],"collection":[{"href":"https:\/\/anexia.com\/blog\/wp-json\/wp\/v2\/posts"}],"about":[{"href":"https:\/\/anexia.com\/blog\/wp-json\/wp\/v2\/types\/post"}],"author":[{"embeddable":true,"href":"https:\/\/anexia.com\/blog\/wp-json\/wp\/v2\/users\/26"}],"replies":[{"embeddable":true,"href":"https:\/\/anexia.com\/blog\/wp-json\/wp\/v2\/comments?post=3761"}],"version-history":[{"count":13,"href":"https:\/\/anexia.com\/blog\/wp-json\/wp\/v2\/posts\/3761\/revisions"}],"predecessor-version":[{"id":7584,"href":"https:\/\/anexia.com\/blog\/wp-json\/wp\/v2\/posts\/3761\/revisions\/7584"}],"wp:featuredmedia":[{"embeddable":true,"href":"https:\/\/anexia.com\/blog\/wp-json\/wp\/v2\/media\/3784"}],"wp:attachment":[{"href":"https:\/\/anexia.com\/blog\/wp-json\/wp\/v2\/media?parent=3761"}],"wp:term":[{"taxonomy":"category","embeddable":true,"href":"https:\/\/anexia.com\/blog\/wp-json\/wp\/v2\/categories?post=3761"},{"taxonomy":"post_tag","embeddable":true,"href":"https:\/\/anexia.com\/blog\/wp-json\/wp\/v2\/tags?post=3761"}],"curies":[{"name":"wp","href":"https:\/\/api.w.org\/{rel}","templated":true}]}}