{"id":4351,"date":"2019-05-13T12:17:48","date_gmt":"2019-05-13T12:17:48","guid":{"rendered":"https:\/\/anexia.com\/blog\/de\/?p=4351"},"modified":"2022-04-13T13:58:51","modified_gmt":"2022-04-13T11:58:51","slug":"wir-geben-zukunft-bm-schramboeck-und-anexia-ceo-alexander-windbichler-unterzeichnen-ausbildungs-charta","status":"publish","type":"post","link":"https:\/\/anexia.com\/blog\/de\/wir-geben-zukunft-bm-schramboeck-und-anexia-ceo-alexander-windbichler-unterzeichnen-ausbildungs-charta\/","title":{"rendered":"\u201eWir geben Zukunft\u201c: BM Schramb\u00f6ck und Anexia CEO Alexander Windbichler unterzeichnen Ausbildungs-Charta"},"content":{"rendered":"<p>Im Rahmen einer Initiative zur F\u00f6rderung der Lehre im \u00fcberbetrieblichen Ausbildungsbetrieb (kurz \u00dcBA), unterzeichnet Anexia gemeinsam mit Bundesministerin Margarete Schramb\u00f6ck die Charta \u201eWir geben Zukunft\u201c im Rahmen eines Betriebsbesuchs am 29. April 2019. Die Charta \u201eWir geben Zukunft\u201c des Bundesministeriums f\u00fcr Digitalisierung soll die Vernetzung von Unternehmen, AMS und Lehrlingen weiter ausbauen und dient als Signal an junge Fachkr\u00e4fte, die mit dieser Zusammenarbeit an den Betriebsalltag herangef\u00fchrt werden sollen. Mit der Unterzeichnung der Charta \u201eWir geben Zukunft\u201c bekennt sich Anexia zur Bereitstellung von Praktikumsstellen f\u00fcr Lehrlinge in der \u00fcberbetrieblichen Lehrausbildung. Das AMS ist in diesem Fall \u201eLehrherr\u201c. Diese Praktikumsstellen sind eine Erg\u00e4nzung zu den bereits angebotenen Betriebslehren bei Anexia im Bereich Netzwerktechnik, Informationstechnik und Marktkommunikation &amp; Werbung.<\/p>\n<p><a href=\"https:\/\/anexia.com\/blog\/wp-content\/uploads\/2019\/05\/Wir-geben-Zukunft-Teaser.jpg\"><img loading=\"lazy\" decoding=\"async\" class=\"aligncenter wp-image-4353\" src=\"https:\/\/anexia.com\/blog\/wp-content\/uploads\/2019\/05\/Wir-geben-Zukunft-Teaser.jpg\" alt=\"Wir-geben-Zukunft-Teaser\" width=\"600\" height=\"332\" srcset=\"https:\/\/anexia.com\/blog\/wp-content\/uploads\/2019\/05\/Wir-geben-Zukunft-Teaser.jpg 672w, https:\/\/anexia.com\/blog\/wp-content\/uploads\/2019\/05\/Wir-geben-Zukunft-Teaser-325x180.jpg 325w, https:\/\/anexia.com\/blog\/wp-content\/uploads\/2019\/05\/Wir-geben-Zukunft-Teaser-300x166.jpg 300w\" sizes=\"(max-width: 600px) 100vw, 600px\" \/><\/a><\/p>\n<p>\u201eDie Ausbildung von Fachkr\u00e4ften ist Anexia ein Anliegen. Auch wir sind mit dem Fachkr\u00e4ftemangel konfrontiert und haben Schwierigkeiten, Experten f\u00fcr unsere ausgeschriebene Stellen zu finden\u201c, erkl\u00e4rt Anexia Gesch\u00e4ftsf\u00fchrer Alexander Windbichler.<\/p>\n<p>Gerade die Modernisierung der Lehrberufe ist Bundesministerin Margarete Schramb\u00f6ck ein Anliegen. So hei\u00dft es in der Charta: \u201eDie Bundesministerin f\u00fcr Digitalisierung und Wirtschaftsstandort setzt sich daf\u00fcr ein, die Lehre dem Bedarf der Wirtschaft entsprechend weiterzuentwickeln, die Lehrberufslandschaft und die Berufsbilder zu modernisieren, F\u00f6rderungen und Leistungen der betrieblichen Lehrstellenf\u00f6rderung innovativ und unb\u00fcrokratisch zu gestalten und neue Ans\u00e4tze in der Ausbildungsgestaltung f\u00fcr nicht-traditionelle Zielgruppen zu unterst\u00fctzen.\u201c<\/p>\n<p>\u201eWir arbeiten aktuell verschiedene Modelle aus, um dem Fachkr\u00e4ftemangel entgegenzuwirken und auch fachfremde Gruppen f\u00fcr die Arbeit in der IT zu begeistern. Die F\u00f6rderung der \u00fcberbetrieblichen Ausbildung ist hier ein weiterer Schritt\u201c, fasst Alexander Friessnegg zusammen, Head of HR bei Anexia.<\/p>\n<p><a href=\"https:\/\/anexia.com\/blog\/wp-content\/uploads\/2019\/05\/IMG_0583-1_small.jpg\"><img loading=\"lazy\" decoding=\"async\" class=\"aligncenter wp-image-4352\" src=\"https:\/\/anexia.com\/blog\/wp-content\/uploads\/2019\/05\/IMG_0583-1_small.jpg\" alt=\"IMG_0583-1_small\" width=\"600\" height=\"400\" srcset=\"https:\/\/anexia.com\/blog\/wp-content\/uploads\/2019\/05\/IMG_0583-1_small.jpg 1800w, https:\/\/anexia.com\/blog\/wp-content\/uploads\/2019\/05\/IMG_0583-1_small-325x217.jpg 325w, https:\/\/anexia.com\/blog\/wp-content\/uploads\/2019\/05\/IMG_0583-1_small-300x200.jpg 300w, https:\/\/anexia.com\/blog\/wp-content\/uploads\/2019\/05\/IMG_0583-1_small-768x512.jpg 768w, https:\/\/anexia.com\/blog\/wp-content\/uploads\/2019\/05\/IMG_0583-1_small-1024x683.jpg 1024w\" sizes=\"(max-width: 600px) 100vw, 600px\" \/><\/a><\/p>\n<p>Solltest du weitere Informationen zu Anexia und zur\u00a0Charta &#8222;Wir geben Zukunft&#8220;\u00a0suchen, kontaktiere gerne unsere Pressestelle.<\/p>\n<p><a href=\"https:\/\/anexia.com\/de\/unternehmen\/presse-medien\/\" target=\"_blank\" rel=\"noopener\">PRESSEKONTAKT &gt;<\/a><\/p>\n","protected":false},"excerpt":{"rendered":"<p>Anexia unterzeichnet gemeinsam mit Bundesministerin Margarete Schramb\u00f6ck die Charta \u201eWir geben Zukunft\u201c im Rahmen eines Betriebsbesuchs am 29. April 2019.<\/p>\n","protected":false},"author":21,"featured_media":4353,"comment_status":"closed","ping_status":"closed","sticky":false,"template":"","format":"standard","meta":{"footnotes":""},"categories":[72],"tags":[403,495,404,14],"yoast_head":"<!-- This site is optimized with the Yoast SEO plugin v22.2 - https:\/\/yoast.com\/wordpress\/plugins\/seo\/ -->\n<title>\u201eWir geben Zukunft\u201c: BM Schramb\u00f6ck und Anexia CEO Alexander Windbichler unterzeichnen Ausbildungs-Charta - ANEXIA Blog<\/title>\n<meta name=\"description\" content=\"Anexia unterzeichnet gemeinsam mit Bundesministerin Margarete Schramb\u00f6ck die Charta \u201eWir geben Zukunft\u201c im Rahmen eines Betriebsbesuchs am 29. April 2019.\" \/>\n<meta name=\"robots\" content=\"index, follow, max-snippet:-1, max-image-preview:large, max-video-preview:-1\" \/>\n<link rel=\"canonical\" href=\"https:\/\/anexia.com\/blog\/de\/wir-geben-zukunft-bm-schramboeck-und-anexia-ceo-alexander-windbichler-unterzeichnen-ausbildungs-charta\/\" \/>\n<meta property=\"og:locale\" content=\"de_DE\" \/>\n<meta property=\"og:type\" content=\"article\" \/>\n<meta property=\"og:title\" content=\"\u201eWir geben Zukunft\u201c: BM Schramb\u00f6ck und Anexia CEO Alexander Windbichler unterzeichnen Ausbildungs-Charta - ANEXIA Blog\" \/>\n<meta property=\"og:description\" content=\"Anexia unterzeichnet gemeinsam mit Bundesministerin Margarete Schramb\u00f6ck die Charta \u201eWir geben Zukunft\u201c im Rahmen eines Betriebsbesuchs am 29. April 2019.\" \/>\n<meta property=\"og:url\" content=\"https:\/\/anexia.com\/blog\/de\/wir-geben-zukunft-bm-schramboeck-und-anexia-ceo-alexander-windbichler-unterzeichnen-ausbildungs-charta\/\" \/>\n<meta property=\"og:site_name\" content=\"ANEXIA Blog\" \/>\n<meta property=\"article:publisher\" content=\"https:\/\/www.facebook.com\/anexiagmbh\/\" \/>\n<meta property=\"article:published_time\" content=\"2019-05-13T12:17:48+00:00\" \/>\n<meta property=\"article:modified_time\" content=\"2022-04-13T11:58:51+00:00\" \/>\n<meta property=\"og:image\" content=\"https:\/\/anexia.com\/blog\/wp-content\/uploads\/2019\/05\/Wir-geben-Zukunft-Teaser.jpg\" \/>\n\t<meta property=\"og:image:width\" content=\"672\" \/>\n\t<meta property=\"og:image:height\" content=\"372\" \/>\n\t<meta property=\"og:image:type\" content=\"image\/jpeg\" \/>\n<meta name=\"author\" content=\"Lucia Sch\u00f6pfer\" \/>\n<meta name=\"twitter:card\" content=\"summary_large_image\" \/>\n<meta name=\"twitter:creator\" content=\"@_ANEXIA\" \/>\n<meta name=\"twitter:site\" content=\"@_ANEXIA\" \/>\n<meta name=\"twitter:label1\" content=\"Verfasst von\" \/>\n\t<meta name=\"twitter:data1\" content=\"Lucia Sch\u00f6pfer\" \/>\n\t<meta name=\"twitter:label2\" content=\"Gesch\u00e4tzte Lesezeit\" \/>\n\t<meta name=\"twitter:data2\" content=\"1\u00a0Minute\" \/>\n<script type=\"application\/ld+json\" class=\"yoast-schema-graph\">{\"@context\":\"https:\/\/schema.org\",\"@graph\":[{\"@type\":\"WebPage\",\"@id\":\"https:\/\/anexia.com\/blog\/de\/wir-geben-zukunft-bm-schramboeck-und-anexia-ceo-alexander-windbichler-unterzeichnen-ausbildungs-charta\/\",\"url\":\"https:\/\/anexia.com\/blog\/de\/wir-geben-zukunft-bm-schramboeck-und-anexia-ceo-alexander-windbichler-unterzeichnen-ausbildungs-charta\/\",\"name\":\"\u201eWir geben Zukunft\u201c: BM Schramb\u00f6ck und Anexia CEO Alexander Windbichler unterzeichnen Ausbildungs-Charta - ANEXIA Blog\",\"isPartOf\":{\"@id\":\"https:\/\/anexia.com\/blog\/#website\"},\"primaryImageOfPage\":{\"@id\":\"https:\/\/anexia.com\/blog\/de\/wir-geben-zukunft-bm-schramboeck-und-anexia-ceo-alexander-windbichler-unterzeichnen-ausbildungs-charta\/#primaryimage\"},\"image\":{\"@id\":\"https:\/\/anexia.com\/blog\/de\/wir-geben-zukunft-bm-schramboeck-und-anexia-ceo-alexander-windbichler-unterzeichnen-ausbildungs-charta\/#primaryimage\"},\"thumbnailUrl\":\"https:\/\/anexia.com\/blog\/wp-content\/uploads\/2019\/05\/Wir-geben-Zukunft-Teaser.jpg\",\"datePublished\":\"2019-05-13T12:17:48+00:00\",\"dateModified\":\"2022-04-13T11:58:51+00:00\",\"author\":{\"@id\":\"https:\/\/anexia.com\/blog\/#\/schema\/person\/9deea2a33a3e11d08144ff26e442a2f6\"},\"description\":\"Anexia unterzeichnet gemeinsam mit Bundesministerin Margarete Schramb\u00f6ck die Charta \u201eWir geben Zukunft\u201c im Rahmen eines Betriebsbesuchs am 29. April 2019.\",\"breadcrumb\":{\"@id\":\"https:\/\/anexia.com\/blog\/de\/wir-geben-zukunft-bm-schramboeck-und-anexia-ceo-alexander-windbichler-unterzeichnen-ausbildungs-charta\/#breadcrumb\"},\"inLanguage\":\"de\",\"potentialAction\":[{\"@type\":\"ReadAction\",\"target\":[\"https:\/\/anexia.com\/blog\/de\/wir-geben-zukunft-bm-schramboeck-und-anexia-ceo-alexander-windbichler-unterzeichnen-ausbildungs-charta\/\"]}]},{\"@type\":\"ImageObject\",\"inLanguage\":\"de\",\"@id\":\"https:\/\/anexia.com\/blog\/de\/wir-geben-zukunft-bm-schramboeck-und-anexia-ceo-alexander-windbichler-unterzeichnen-ausbildungs-charta\/#primaryimage\",\"url\":\"https:\/\/anexia.com\/blog\/wp-content\/uploads\/2019\/05\/Wir-geben-Zukunft-Teaser.jpg\",\"contentUrl\":\"https:\/\/anexia.com\/blog\/wp-content\/uploads\/2019\/05\/Wir-geben-Zukunft-Teaser.jpg\",\"width\":672,\"height\":372,\"caption\":\"Wir-geben-Zukunft-Teaser\"},{\"@type\":\"BreadcrumbList\",\"@id\":\"https:\/\/anexia.com\/blog\/de\/wir-geben-zukunft-bm-schramboeck-und-anexia-ceo-alexander-windbichler-unterzeichnen-ausbildungs-charta\/#breadcrumb\",\"itemListElement\":[{\"@type\":\"ListItem\",\"position\":1,\"name\":\"Home\",\"item\":\"https:\/\/anexia.com\/blog\/de\/\"},{\"@type\":\"ListItem\",\"position\":2,\"name\":\"\u201eWir geben Zukunft\u201c: BM Schramb\u00f6ck und Anexia CEO Alexander Windbichler unterzeichnen Ausbildungs-Charta\"}]},{\"@type\":\"WebSite\",\"@id\":\"https:\/\/anexia.com\/blog\/#website\",\"url\":\"https:\/\/anexia.com\/blog\/\",\"name\":\"ANEXIA Blog\",\"description\":\"[:de] ANEXIA Blog - Technischen Themen, Anexia News und Insights [:]\",\"potentialAction\":[{\"@type\":\"SearchAction\",\"target\":{\"@type\":\"EntryPoint\",\"urlTemplate\":\"https:\/\/anexia.com\/blog\/?s={search_term_string}\"},\"query-input\":\"required name=search_term_string\"}],\"inLanguage\":\"de\"},{\"@type\":\"Person\",\"@id\":\"https:\/\/anexia.com\/blog\/#\/schema\/person\/9deea2a33a3e11d08144ff26e442a2f6\",\"name\":\"Lucia Sch\u00f6pfer\",\"image\":{\"@type\":\"ImageObject\",\"inLanguage\":\"de\",\"@id\":\"https:\/\/anexia.com\/blog\/#\/schema\/person\/image\/\",\"url\":\"https:\/\/secure.gravatar.com\/avatar\/8aaacc3948d00240d95c5e3ca1c9faaa?s=96&d=mm&r=g\",\"contentUrl\":\"https:\/\/secure.gravatar.com\/avatar\/8aaacc3948d00240d95c5e3ca1c9faaa?s=96&d=mm&r=g\",\"caption\":\"Lucia Sch\u00f6pfer\"},\"url\":\"https:\/\/anexia.com\/blog\/author\/lschoepfer\/\"}]}<\/script>\n<!-- \/ Yoast SEO plugin. -->","yoast_head_json":{"title":"\u201eWir geben Zukunft\u201c: BM Schramb\u00f6ck und Anexia CEO Alexander Windbichler unterzeichnen Ausbildungs-Charta - ANEXIA Blog","description":"Anexia unterzeichnet gemeinsam mit Bundesministerin Margarete Schramb\u00f6ck die Charta \u201eWir geben Zukunft\u201c im Rahmen eines Betriebsbesuchs am 29. April 2019.","robots":{"index":"index","follow":"follow","max-snippet":"max-snippet:-1","max-image-preview":"max-image-preview:large","max-video-preview":"max-video-preview:-1"},"canonical":"https:\/\/anexia.com\/blog\/de\/wir-geben-zukunft-bm-schramboeck-und-anexia-ceo-alexander-windbichler-unterzeichnen-ausbildungs-charta\/","og_locale":"de_DE","og_type":"article","og_title":"\u201eWir geben Zukunft\u201c: BM Schramb\u00f6ck und Anexia CEO Alexander Windbichler unterzeichnen Ausbildungs-Charta - ANEXIA Blog","og_description":"Anexia unterzeichnet gemeinsam mit Bundesministerin Margarete Schramb\u00f6ck die Charta \u201eWir geben Zukunft\u201c im Rahmen eines Betriebsbesuchs am 29. April 2019.","og_url":"https:\/\/anexia.com\/blog\/de\/wir-geben-zukunft-bm-schramboeck-und-anexia-ceo-alexander-windbichler-unterzeichnen-ausbildungs-charta\/","og_site_name":"ANEXIA Blog","article_publisher":"https:\/\/www.facebook.com\/anexiagmbh\/","article_published_time":"2019-05-13T12:17:48+00:00","article_modified_time":"2022-04-13T11:58:51+00:00","og_image":[{"width":672,"height":372,"url":"https:\/\/anexia.com\/blog\/wp-content\/uploads\/2019\/05\/Wir-geben-Zukunft-Teaser.jpg","type":"image\/jpeg"}],"author":"Lucia Sch\u00f6pfer","twitter_card":"summary_large_image","twitter_creator":"@_ANEXIA","twitter_site":"@_ANEXIA","twitter_misc":{"Verfasst von":"Lucia Sch\u00f6pfer","Gesch\u00e4tzte Lesezeit":"1\u00a0Minute"},"schema":{"@context":"https:\/\/schema.org","@graph":[{"@type":"WebPage","@id":"https:\/\/anexia.com\/blog\/de\/wir-geben-zukunft-bm-schramboeck-und-anexia-ceo-alexander-windbichler-unterzeichnen-ausbildungs-charta\/","url":"https:\/\/anexia.com\/blog\/de\/wir-geben-zukunft-bm-schramboeck-und-anexia-ceo-alexander-windbichler-unterzeichnen-ausbildungs-charta\/","name":"\u201eWir geben Zukunft\u201c: BM Schramb\u00f6ck und Anexia CEO Alexander Windbichler unterzeichnen Ausbildungs-Charta - ANEXIA Blog","isPartOf":{"@id":"https:\/\/anexia.com\/blog\/#website"},"primaryImageOfPage":{"@id":"https:\/\/anexia.com\/blog\/de\/wir-geben-zukunft-bm-schramboeck-und-anexia-ceo-alexander-windbichler-unterzeichnen-ausbildungs-charta\/#primaryimage"},"image":{"@id":"https:\/\/anexia.com\/blog\/de\/wir-geben-zukunft-bm-schramboeck-und-anexia-ceo-alexander-windbichler-unterzeichnen-ausbildungs-charta\/#primaryimage"},"thumbnailUrl":"https:\/\/anexia.com\/blog\/wp-content\/uploads\/2019\/05\/Wir-geben-Zukunft-Teaser.jpg","datePublished":"2019-05-13T12:17:48+00:00","dateModified":"2022-04-13T11:58:51+00:00","author":{"@id":"https:\/\/anexia.com\/blog\/#\/schema\/person\/9deea2a33a3e11d08144ff26e442a2f6"},"description":"Anexia unterzeichnet gemeinsam mit Bundesministerin Margarete Schramb\u00f6ck die Charta \u201eWir geben Zukunft\u201c im Rahmen eines Betriebsbesuchs am 29. April 2019.","breadcrumb":{"@id":"https:\/\/anexia.com\/blog\/de\/wir-geben-zukunft-bm-schramboeck-und-anexia-ceo-alexander-windbichler-unterzeichnen-ausbildungs-charta\/#breadcrumb"},"inLanguage":"de","potentialAction":[{"@type":"ReadAction","target":["https:\/\/anexia.com\/blog\/de\/wir-geben-zukunft-bm-schramboeck-und-anexia-ceo-alexander-windbichler-unterzeichnen-ausbildungs-charta\/"]}]},{"@type":"ImageObject","inLanguage":"de","@id":"https:\/\/anexia.com\/blog\/de\/wir-geben-zukunft-bm-schramboeck-und-anexia-ceo-alexander-windbichler-unterzeichnen-ausbildungs-charta\/#primaryimage","url":"https:\/\/anexia.com\/blog\/wp-content\/uploads\/2019\/05\/Wir-geben-Zukunft-Teaser.jpg","contentUrl":"https:\/\/anexia.com\/blog\/wp-content\/uploads\/2019\/05\/Wir-geben-Zukunft-Teaser.jpg","width":672,"height":372,"caption":"Wir-geben-Zukunft-Teaser"},{"@type":"BreadcrumbList","@id":"https:\/\/anexia.com\/blog\/de\/wir-geben-zukunft-bm-schramboeck-und-anexia-ceo-alexander-windbichler-unterzeichnen-ausbildungs-charta\/#breadcrumb","itemListElement":[{"@type":"ListItem","position":1,"name":"Home","item":"https:\/\/anexia.com\/blog\/de\/"},{"@type":"ListItem","position":2,"name":"\u201eWir geben Zukunft\u201c: BM Schramb\u00f6ck und Anexia CEO Alexander Windbichler unterzeichnen Ausbildungs-Charta"}]},{"@type":"WebSite","@id":"https:\/\/anexia.com\/blog\/#website","url":"https:\/\/anexia.com\/blog\/","name":"ANEXIA Blog","description":"[:de] ANEXIA Blog - Technischen Themen, Anexia News und Insights [:]","potentialAction":[{"@type":"SearchAction","target":{"@type":"EntryPoint","urlTemplate":"https:\/\/anexia.com\/blog\/?s={search_term_string}"},"query-input":"required name=search_term_string"}],"inLanguage":"de"},{"@type":"Person","@id":"https:\/\/anexia.com\/blog\/#\/schema\/person\/9deea2a33a3e11d08144ff26e442a2f6","name":"Lucia Sch\u00f6pfer","image":{"@type":"ImageObject","inLanguage":"de","@id":"https:\/\/anexia.com\/blog\/#\/schema\/person\/image\/","url":"https:\/\/secure.gravatar.com\/avatar\/8aaacc3948d00240d95c5e3ca1c9faaa?s=96&d=mm&r=g","contentUrl":"https:\/\/secure.gravatar.com\/avatar\/8aaacc3948d00240d95c5e3ca1c9faaa?s=96&d=mm&r=g","caption":"Lucia Sch\u00f6pfer"},"url":"https:\/\/anexia.com\/blog\/author\/lschoepfer\/"}]}},"lang":"de","translations":{"de":4351,"en":6572},"amp_enabled":true,"pll_sync_post":[],"_links":{"self":[{"href":"https:\/\/anexia.com\/blog\/wp-json\/wp\/v2\/posts\/4351"}],"collection":[{"href":"https:\/\/anexia.com\/blog\/wp-json\/wp\/v2\/posts"}],"about":[{"href":"https:\/\/anexia.com\/blog\/wp-json\/wp\/v2\/types\/post"}],"author":[{"embeddable":true,"href":"https:\/\/anexia.com\/blog\/wp-json\/wp\/v2\/users\/21"}],"replies":[{"embeddable":true,"href":"https:\/\/anexia.com\/blog\/wp-json\/wp\/v2\/comments?post=4351"}],"version-history":[{"count":9,"href":"https:\/\/anexia.com\/blog\/wp-json\/wp\/v2\/posts\/4351\/revisions"}],"predecessor-version":[{"id":6574,"href":"https:\/\/anexia.com\/blog\/wp-json\/wp\/v2\/posts\/4351\/revisions\/6574"}],"wp:featuredmedia":[{"embeddable":true,"href":"https:\/\/anexia.com\/blog\/wp-json\/wp\/v2\/media\/4353"}],"wp:attachment":[{"href":"https:\/\/anexia.com\/blog\/wp-json\/wp\/v2\/media?parent=4351"}],"wp:term":[{"taxonomy":"category","embeddable":true,"href":"https:\/\/anexia.com\/blog\/wp-json\/wp\/v2\/categories?post=4351"},{"taxonomy":"post_tag","embeddable":true,"href":"https:\/\/anexia.com\/blog\/wp-json\/wp\/v2\/tags?post=4351"}],"curies":[{"name":"wp","href":"https:\/\/api.w.org\/{rel}","templated":true}]}}