{"id":8597,"date":"2024-02-05T15:55:37","date_gmt":"2024-02-05T14:55:37","guid":{"rendered":"https:\/\/anexia.com\/blog\/?p=8597"},"modified":"2024-02-05T15:55:37","modified_gmt":"2024-02-05T14:55:37","slug":"it-trends-jahr-der-kuenstlichen-intelligenz","status":"publish","type":"post","link":"https:\/\/anexia.com\/blog\/de\/it-trends-jahr-der-kuenstlichen-intelligenz\/","title":{"rendered":"IT Trends: Jahr der k\u00fcnstlichen Intelligenz"},"content":{"rendered":"<p><a href=\"https:\/\/anexia.com\/blog\/wp-content\/uploads\/2024\/02\/Alexander-Windbichler-Anexia-IT-Trends-KI-digitale-Souveraenitaet-Cyberattacken.png\"><img loading=\"lazy\" decoding=\"async\" class=\"alignnone wp-image-8627\" src=\"https:\/\/anexia.com\/blog\/wp-content\/uploads\/2024\/02\/Alexander-Windbichler-Anexia-IT-Trends-KI-digitale-Souveraenitaet-Cyberattacken-300x175.png\" alt=\"Alexander Windbichler, CEO von Anexia, IT Trends, KI, digitale Souvera\u0308nita\u0308t, Cyberattacken\" width=\"600\" height=\"350\" srcset=\"https:\/\/anexia.com\/blog\/wp-content\/uploads\/2024\/02\/Alexander-Windbichler-Anexia-IT-Trends-KI-digitale-Souveraenitaet-Cyberattacken-300x175.png 300w, https:\/\/anexia.com\/blog\/wp-content\/uploads\/2024\/02\/Alexander-Windbichler-Anexia-IT-Trends-KI-digitale-Souveraenitaet-Cyberattacken-1024x597.png 1024w, https:\/\/anexia.com\/blog\/wp-content\/uploads\/2024\/02\/Alexander-Windbichler-Anexia-IT-Trends-KI-digitale-Souveraenitaet-Cyberattacken-768x448.png 768w, https:\/\/anexia.com\/blog\/wp-content\/uploads\/2024\/02\/Alexander-Windbichler-Anexia-IT-Trends-KI-digitale-Souveraenitaet-Cyberattacken-1536x896.png 1536w, https:\/\/anexia.com\/blog\/wp-content\/uploads\/2024\/02\/Alexander-Windbichler-Anexia-IT-Trends-KI-digitale-Souveraenitaet-Cyberattacken.png 1800w\" sizes=\"(max-width: 600px) 100vw, 600px\" \/><\/a><\/p>\n<p>ITWelt.at hat unter 42 Experten auch Alexander Windbichler, CEO von Anexia, nach den wichtigsten IT Themen f\u00fcr 2024 gefragt. Dauerbrenner bleibt das Thema Security, nicht zuletzt befeuert durch den kometenhaften Aufstieg der k\u00fcnstlichen Intelligenz, die f\u00fcr alle Befragten der Top IT Trend 2024 ist.<\/p>\n<p>Auch die Cloud steht als Basisinfrastruktur weiterhin im Fokus der IT Trends \u2013 die Absicherung von Multi- bzw. Hybrid-Cloud-Umgebungen ist hier das Gebot der Stunde. Immer wichtiger wird zudem das Thema der digitalen Souver\u00e4nit\u00e4t, da immer mehr Unternehmen die Abh\u00e4ngigkeit von gro\u00dfen Hyperscalern ein Dorn im Auge ist.<\/p>\n<h2>IT Trend von Alexander Windbichler, CEO bei Anexia<\/h2>\n<p>\u201eAngriffe auf Unternehmen sind auf einem Rekordhoch und haben bereits mehrere Unternehmen die Existenz gekostet. Cybersecurity muss einerseits nahtlos in die eigene digitale Landschaft integriert werden, andererseits muss das Thema vor allem in das Bewusstsein jeder Person, die im eigenen Unternehmen mit Technologie in Ber\u00fchrung kommt, gebracht werden, denn nach wie vor werden \u00fcber 90 Prozent aller erfolgreichen Angriffe \u00fcber die Menschen im eigenen Unternehmen ausgel\u00f6st.\u201c<\/p>\n<p><strong>Gesamter Artikel nachzulesen in der<\/strong> <a href=\"https:\/\/itwelt.at\/printausgabe\/das-jahr-der-kuenstlichen-intelligenz\/\" target=\"_blank\" rel=\"noopener\">ITWelt.at<\/a><\/p>\n<p>&nbsp;<\/p>\n<p>&nbsp;<\/p>\n","protected":false},"excerpt":{"rendered":"<p>Alexander Windbichler, CEO von Anexia, spricht in der ITWelt.at \u00fcber den IT Trend des Jahres 2024: Cybersecurity.<\/p>\n","protected":false},"author":50,"featured_media":8628,"comment_status":"closed","ping_status":"closed","sticky":false,"template":"","format":"standard","meta":{"footnotes":""},"categories":[72],"tags":[],"yoast_head":"<!-- This site is optimized with the Yoast SEO plugin v22.2 - https:\/\/yoast.com\/wordpress\/plugins\/seo\/ -->\n<title>IT Trends: Jahr der k\u00fcnstlichen Intelligenz - ANEXIA Blog<\/title>\n<meta name=\"description\" content=\"Alexander Windbichler, CEO von Anexia, spricht in der ITWelt.at \u00fcber den IT Trend des Jahres 2024: Cybersecurity.\" \/>\n<meta name=\"robots\" content=\"index, follow, max-snippet:-1, max-image-preview:large, max-video-preview:-1\" \/>\n<link rel=\"canonical\" href=\"https:\/\/anexia.com\/blog\/de\/it-trends-jahr-der-kuenstlichen-intelligenz\/\" \/>\n<meta property=\"og:locale\" content=\"de_DE\" \/>\n<meta property=\"og:type\" content=\"article\" \/>\n<meta property=\"og:title\" content=\"IT Trends: Jahr der k\u00fcnstlichen Intelligenz - ANEXIA Blog\" \/>\n<meta property=\"og:description\" content=\"Alexander Windbichler, CEO von Anexia, spricht in der ITWelt.at \u00fcber den IT Trend des Jahres 2024: Cybersecurity.\" \/>\n<meta property=\"og:url\" content=\"https:\/\/anexia.com\/blog\/de\/it-trends-jahr-der-kuenstlichen-intelligenz\/\" \/>\n<meta property=\"og:site_name\" content=\"ANEXIA Blog\" \/>\n<meta property=\"article:publisher\" content=\"https:\/\/www.facebook.com\/anexiagmbh\/\" \/>\n<meta property=\"article:published_time\" content=\"2024-02-05T14:55:37+00:00\" \/>\n<meta property=\"og:image\" content=\"https:\/\/anexia.com\/blog\/wp-content\/uploads\/2024\/02\/Alexander-Windbichler-Anexia-IT-Trends-KI-digitale-Souveraenitaet-Cyberattacken-teaser2.png\" \/>\n\t<meta property=\"og:image:width\" content=\"672\" \/>\n\t<meta property=\"og:image:height\" content=\"372\" \/>\n\t<meta property=\"og:image:type\" content=\"image\/png\" \/>\n<meta name=\"author\" content=\"Esther Farys\" \/>\n<meta name=\"twitter:card\" content=\"summary_large_image\" \/>\n<meta name=\"twitter:creator\" content=\"@_ANEXIA\" \/>\n<meta name=\"twitter:site\" content=\"@_ANEXIA\" \/>\n<meta name=\"twitter:label1\" content=\"Verfasst von\" \/>\n\t<meta name=\"twitter:data1\" content=\"Esther Farys\" \/>\n\t<meta name=\"twitter:label2\" content=\"Gesch\u00e4tzte Lesezeit\" \/>\n\t<meta name=\"twitter:data2\" content=\"2\u00a0Minuten\" \/>\n<script type=\"application\/ld+json\" class=\"yoast-schema-graph\">{\"@context\":\"https:\/\/schema.org\",\"@graph\":[{\"@type\":\"WebPage\",\"@id\":\"https:\/\/anexia.com\/blog\/de\/it-trends-jahr-der-kuenstlichen-intelligenz\/\",\"url\":\"https:\/\/anexia.com\/blog\/de\/it-trends-jahr-der-kuenstlichen-intelligenz\/\",\"name\":\"IT Trends: Jahr der k\u00fcnstlichen Intelligenz - ANEXIA Blog\",\"isPartOf\":{\"@id\":\"https:\/\/anexia.com\/blog\/#website\"},\"primaryImageOfPage\":{\"@id\":\"https:\/\/anexia.com\/blog\/de\/it-trends-jahr-der-kuenstlichen-intelligenz\/#primaryimage\"},\"image\":{\"@id\":\"https:\/\/anexia.com\/blog\/de\/it-trends-jahr-der-kuenstlichen-intelligenz\/#primaryimage\"},\"thumbnailUrl\":\"https:\/\/anexia.com\/blog\/wp-content\/uploads\/2024\/02\/Alexander-Windbichler-Anexia-IT-Trends-KI-digitale-Souveraenitaet-Cyberattacken-teaser2.png\",\"datePublished\":\"2024-02-05T14:55:37+00:00\",\"dateModified\":\"2024-02-05T14:55:37+00:00\",\"author\":{\"@id\":\"https:\/\/anexia.com\/blog\/#\/schema\/person\/bcb2a481d6e78cd5626e662fd392a6ee\"},\"description\":\"Alexander Windbichler, CEO von Anexia, spricht in der ITWelt.at \u00fcber den IT Trend des Jahres 2024: Cybersecurity.\",\"breadcrumb\":{\"@id\":\"https:\/\/anexia.com\/blog\/de\/it-trends-jahr-der-kuenstlichen-intelligenz\/#breadcrumb\"},\"inLanguage\":\"de\",\"potentialAction\":[{\"@type\":\"ReadAction\",\"target\":[\"https:\/\/anexia.com\/blog\/de\/it-trends-jahr-der-kuenstlichen-intelligenz\/\"]}]},{\"@type\":\"ImageObject\",\"inLanguage\":\"de\",\"@id\":\"https:\/\/anexia.com\/blog\/de\/it-trends-jahr-der-kuenstlichen-intelligenz\/#primaryimage\",\"url\":\"https:\/\/anexia.com\/blog\/wp-content\/uploads\/2024\/02\/Alexander-Windbichler-Anexia-IT-Trends-KI-digitale-Souveraenitaet-Cyberattacken-teaser2.png\",\"contentUrl\":\"https:\/\/anexia.com\/blog\/wp-content\/uploads\/2024\/02\/Alexander-Windbichler-Anexia-IT-Trends-KI-digitale-Souveraenitaet-Cyberattacken-teaser2.png\",\"width\":672,\"height\":372,\"caption\":\"Alexander Windbichler, CEO von Anexia, IT Trends, KI, digitale Souvera\u0308nita\u0308t, Cyberattacken\"},{\"@type\":\"BreadcrumbList\",\"@id\":\"https:\/\/anexia.com\/blog\/de\/it-trends-jahr-der-kuenstlichen-intelligenz\/#breadcrumb\",\"itemListElement\":[{\"@type\":\"ListItem\",\"position\":1,\"name\":\"Home\",\"item\":\"https:\/\/anexia.com\/blog\/de\/\"},{\"@type\":\"ListItem\",\"position\":2,\"name\":\"IT Trends: Jahr der k\u00fcnstlichen Intelligenz\"}]},{\"@type\":\"WebSite\",\"@id\":\"https:\/\/anexia.com\/blog\/#website\",\"url\":\"https:\/\/anexia.com\/blog\/\",\"name\":\"ANEXIA Blog\",\"description\":\"[:de] ANEXIA Blog - Technischen Themen, Anexia News und Insights [:]\",\"potentialAction\":[{\"@type\":\"SearchAction\",\"target\":{\"@type\":\"EntryPoint\",\"urlTemplate\":\"https:\/\/anexia.com\/blog\/?s={search_term_string}\"},\"query-input\":\"required name=search_term_string\"}],\"inLanguage\":\"de\"},{\"@type\":\"Person\",\"@id\":\"https:\/\/anexia.com\/blog\/#\/schema\/person\/bcb2a481d6e78cd5626e662fd392a6ee\",\"name\":\"Esther Farys\",\"image\":{\"@type\":\"ImageObject\",\"inLanguage\":\"de\",\"@id\":\"https:\/\/anexia.com\/blog\/#\/schema\/person\/image\/\",\"url\":\"https:\/\/secure.gravatar.com\/avatar\/3c2f84940c461f7165a2fe5de41cacc5?s=96&d=mm&r=g\",\"contentUrl\":\"https:\/\/secure.gravatar.com\/avatar\/3c2f84940c461f7165a2fe5de41cacc5?s=96&d=mm&r=g\",\"caption\":\"Esther Farys\"},\"url\":\"https:\/\/anexia.com\/blog\/author\/efarys\/\"}]}<\/script>\n<!-- \/ Yoast SEO plugin. -->","yoast_head_json":{"title":"IT Trends: Jahr der k\u00fcnstlichen Intelligenz - ANEXIA Blog","description":"Alexander Windbichler, CEO von Anexia, spricht in der ITWelt.at \u00fcber den IT Trend des Jahres 2024: Cybersecurity.","robots":{"index":"index","follow":"follow","max-snippet":"max-snippet:-1","max-image-preview":"max-image-preview:large","max-video-preview":"max-video-preview:-1"},"canonical":"https:\/\/anexia.com\/blog\/de\/it-trends-jahr-der-kuenstlichen-intelligenz\/","og_locale":"de_DE","og_type":"article","og_title":"IT Trends: Jahr der k\u00fcnstlichen Intelligenz - ANEXIA Blog","og_description":"Alexander Windbichler, CEO von Anexia, spricht in der ITWelt.at \u00fcber den IT Trend des Jahres 2024: Cybersecurity.","og_url":"https:\/\/anexia.com\/blog\/de\/it-trends-jahr-der-kuenstlichen-intelligenz\/","og_site_name":"ANEXIA Blog","article_publisher":"https:\/\/www.facebook.com\/anexiagmbh\/","article_published_time":"2024-02-05T14:55:37+00:00","og_image":[{"width":672,"height":372,"url":"https:\/\/anexia.com\/blog\/wp-content\/uploads\/2024\/02\/Alexander-Windbichler-Anexia-IT-Trends-KI-digitale-Souveraenitaet-Cyberattacken-teaser2.png","type":"image\/png"}],"author":"Esther Farys","twitter_card":"summary_large_image","twitter_creator":"@_ANEXIA","twitter_site":"@_ANEXIA","twitter_misc":{"Verfasst von":"Esther Farys","Gesch\u00e4tzte Lesezeit":"2\u00a0Minuten"},"schema":{"@context":"https:\/\/schema.org","@graph":[{"@type":"WebPage","@id":"https:\/\/anexia.com\/blog\/de\/it-trends-jahr-der-kuenstlichen-intelligenz\/","url":"https:\/\/anexia.com\/blog\/de\/it-trends-jahr-der-kuenstlichen-intelligenz\/","name":"IT Trends: Jahr der k\u00fcnstlichen Intelligenz - ANEXIA Blog","isPartOf":{"@id":"https:\/\/anexia.com\/blog\/#website"},"primaryImageOfPage":{"@id":"https:\/\/anexia.com\/blog\/de\/it-trends-jahr-der-kuenstlichen-intelligenz\/#primaryimage"},"image":{"@id":"https:\/\/anexia.com\/blog\/de\/it-trends-jahr-der-kuenstlichen-intelligenz\/#primaryimage"},"thumbnailUrl":"https:\/\/anexia.com\/blog\/wp-content\/uploads\/2024\/02\/Alexander-Windbichler-Anexia-IT-Trends-KI-digitale-Souveraenitaet-Cyberattacken-teaser2.png","datePublished":"2024-02-05T14:55:37+00:00","dateModified":"2024-02-05T14:55:37+00:00","author":{"@id":"https:\/\/anexia.com\/blog\/#\/schema\/person\/bcb2a481d6e78cd5626e662fd392a6ee"},"description":"Alexander Windbichler, CEO von Anexia, spricht in der ITWelt.at \u00fcber den IT Trend des Jahres 2024: Cybersecurity.","breadcrumb":{"@id":"https:\/\/anexia.com\/blog\/de\/it-trends-jahr-der-kuenstlichen-intelligenz\/#breadcrumb"},"inLanguage":"de","potentialAction":[{"@type":"ReadAction","target":["https:\/\/anexia.com\/blog\/de\/it-trends-jahr-der-kuenstlichen-intelligenz\/"]}]},{"@type":"ImageObject","inLanguage":"de","@id":"https:\/\/anexia.com\/blog\/de\/it-trends-jahr-der-kuenstlichen-intelligenz\/#primaryimage","url":"https:\/\/anexia.com\/blog\/wp-content\/uploads\/2024\/02\/Alexander-Windbichler-Anexia-IT-Trends-KI-digitale-Souveraenitaet-Cyberattacken-teaser2.png","contentUrl":"https:\/\/anexia.com\/blog\/wp-content\/uploads\/2024\/02\/Alexander-Windbichler-Anexia-IT-Trends-KI-digitale-Souveraenitaet-Cyberattacken-teaser2.png","width":672,"height":372,"caption":"Alexander Windbichler, CEO von Anexia, IT Trends, KI, digitale Souvera\u0308nita\u0308t, Cyberattacken"},{"@type":"BreadcrumbList","@id":"https:\/\/anexia.com\/blog\/de\/it-trends-jahr-der-kuenstlichen-intelligenz\/#breadcrumb","itemListElement":[{"@type":"ListItem","position":1,"name":"Home","item":"https:\/\/anexia.com\/blog\/de\/"},{"@type":"ListItem","position":2,"name":"IT Trends: Jahr der k\u00fcnstlichen Intelligenz"}]},{"@type":"WebSite","@id":"https:\/\/anexia.com\/blog\/#website","url":"https:\/\/anexia.com\/blog\/","name":"ANEXIA Blog","description":"[:de] ANEXIA Blog - Technischen Themen, Anexia News und Insights [:]","potentialAction":[{"@type":"SearchAction","target":{"@type":"EntryPoint","urlTemplate":"https:\/\/anexia.com\/blog\/?s={search_term_string}"},"query-input":"required name=search_term_string"}],"inLanguage":"de"},{"@type":"Person","@id":"https:\/\/anexia.com\/blog\/#\/schema\/person\/bcb2a481d6e78cd5626e662fd392a6ee","name":"Esther Farys","image":{"@type":"ImageObject","inLanguage":"de","@id":"https:\/\/anexia.com\/blog\/#\/schema\/person\/image\/","url":"https:\/\/secure.gravatar.com\/avatar\/3c2f84940c461f7165a2fe5de41cacc5?s=96&d=mm&r=g","contentUrl":"https:\/\/secure.gravatar.com\/avatar\/3c2f84940c461f7165a2fe5de41cacc5?s=96&d=mm&r=g","caption":"Esther Farys"},"url":"https:\/\/anexia.com\/blog\/author\/efarys\/"}]}},"lang":"de","translations":{"de":8597},"amp_enabled":true,"pll_sync_post":[],"_links":{"self":[{"href":"https:\/\/anexia.com\/blog\/wp-json\/wp\/v2\/posts\/8597"}],"collection":[{"href":"https:\/\/anexia.com\/blog\/wp-json\/wp\/v2\/posts"}],"about":[{"href":"https:\/\/anexia.com\/blog\/wp-json\/wp\/v2\/types\/post"}],"author":[{"embeddable":true,"href":"https:\/\/anexia.com\/blog\/wp-json\/wp\/v2\/users\/50"}],"replies":[{"embeddable":true,"href":"https:\/\/anexia.com\/blog\/wp-json\/wp\/v2\/comments?post=8597"}],"version-history":[{"count":8,"href":"https:\/\/anexia.com\/blog\/wp-json\/wp\/v2\/posts\/8597\/revisions"}],"predecessor-version":[{"id":8629,"href":"https:\/\/anexia.com\/blog\/wp-json\/wp\/v2\/posts\/8597\/revisions\/8629"}],"wp:featuredmedia":[{"embeddable":true,"href":"https:\/\/anexia.com\/blog\/wp-json\/wp\/v2\/media\/8628"}],"wp:attachment":[{"href":"https:\/\/anexia.com\/blog\/wp-json\/wp\/v2\/media?parent=8597"}],"wp:term":[{"taxonomy":"category","embeddable":true,"href":"https:\/\/anexia.com\/blog\/wp-json\/wp\/v2\/categories?post=8597"},{"taxonomy":"post_tag","embeddable":true,"href":"https:\/\/anexia.com\/blog\/wp-json\/wp\/v2\/tags?post=8597"}],"curies":[{"name":"wp","href":"https:\/\/api.w.org\/{rel}","templated":true}]}}