{"id":9720,"date":"2026-02-23T13:54:01","date_gmt":"2026-02-23T12:54:01","guid":{"rendered":"https:\/\/anexia.com\/blog\/?p=9720"},"modified":"2026-04-23T07:56:47","modified_gmt":"2026-04-23T05:56:47","slug":"kuenstliche-intelligenz-im-berufsalltag-warum-abwarten-keine-option-ist","status":"publish","type":"post","link":"https:\/\/anexia.com\/blog\/de\/kuenstliche-intelligenz-im-berufsalltag-warum-abwarten-keine-option-ist\/","title":{"rendered":"K\u00fcnstliche Intelligenz im Berufsalltag \u2013 warum Abwarten keine Option ist"},"content":{"rendered":"<p><a href=\"https:\/\/anexia.com\/blog\/wp-content\/uploads\/2026\/02\/Anexia_cloud-provider_1.png\"><img loading=\"lazy\" decoding=\"async\" class=\"alignnone wp-image-9723\" title=\"Anexia CEO Alexander Windbichler \u2013 K\u00fcnstliche Intelligenz im Berufsalltag\" src=\"https:\/\/anexia.com\/blog\/wp-content\/uploads\/2026\/02\/Anexia_cloud-provider_1-300x175.png\" alt=\"Alexander Windbichler, CEO von Anexia, positioniert sich zum Einsatz von k\u00fcnstlicher Intelligenz in Unternehmen. Anexia betreibt eigene Cloud-Infrastruktur in Europa und unterst\u00fctzt Organisationen bei der digitalen Transformation unter europ\u00e4ischem Datenschutzrecht.\" width=\"600\" height=\"350\" srcset=\"https:\/\/anexia.com\/blog\/wp-content\/uploads\/2026\/02\/Anexia_cloud-provider_1-300x175.png 300w, https:\/\/anexia.com\/blog\/wp-content\/uploads\/2026\/02\/Anexia_cloud-provider_1-1024x597.png 1024w, https:\/\/anexia.com\/blog\/wp-content\/uploads\/2026\/02\/Anexia_cloud-provider_1-768x448.png 768w, https:\/\/anexia.com\/blog\/wp-content\/uploads\/2026\/02\/Anexia_cloud-provider_1-1536x896.png 1536w, https:\/\/anexia.com\/blog\/wp-content\/uploads\/2026\/02\/Anexia_cloud-provider_1.png 1800w\" sizes=\"(max-width: 600px) 100vw, 600px\" \/><\/a><\/p>\n<p data-start=\"138\" data-end=\"369\">Anexia CEO, <strong>Alexander Windbichler<\/strong>, erl\u00e4utert in einem Interview mit der Kleinen Zeitung die transformative Wirkung von k\u00fcnstlicher Intelligenz (KI) als Paradigmenwechsel f\u00fcr Unternehmen. Er betont, dass Organisationen, die <strong>k\u00fcnstliche Intelligenz<\/strong> nicht integrieren, im sich wandelnden Marktumfeld einen erheblichen Wettbewerbsnachteil riskieren.<\/p>\n<p>&nbsp;<\/p>\n<h2 data-start=\"371\" data-end=\"694\">K\u00fcnstliche Intelligenz: klare Botschaft<\/h2>\n<p><strong>Alexander Windbichler,<\/strong> CEO von Anexia<\/p>\n<blockquote>\n<p data-start=\"371\" data-end=\"694\"><em><strong>Jeder, der k\u00fcnstliche Intelligenz nicht nutzt, schaufelt sich sein jobtechnisches Grab.<\/strong><\/em><\/p>\n<p data-start=\"371\" data-end=\"694\">\n<\/blockquote>\n<p>&nbsp;<\/p>\n<p data-start=\"1606\" data-end=\"1800\"><strong data-start=\"1609\" data-end=\"1677\">Den vollst\u00e4ndigen Artikel lesen Sie hier: <a href=\"https:\/\/www.kleinezeitung.at\/wirtschaft\/20606941\/windbichler-jeder-der-ki-nicht-nutzt-schaufelt-sein-jobtechnisches-grab\" target=\"_blank\" rel=\"noopener\">Kleine Zeitung.<\/a><\/strong><\/p>\n<p>&nbsp;<\/p>\n<h3><strong>Cloud-Infrastruktur von Anexia<br \/>\n<\/strong><\/h3>\n<p>Anexia bietet eine globale Cloud-L\u00f6sung, die in Europa entwickelt und gesichert ist und somit digitale Souver\u00e4nit\u00e4t gew\u00e4hrleistet. Unsere Infrastruktur ist global vernetzt und erf\u00fcllt gleichzeitig strenge europ\u00e4ische Datenschutzstandards, wodurch Kunden eine robuste Datenkontrolle und Transparenz erhalten. Somit ist Anexia mit \u00fcber 100 Serverstandorten weltweit u. a. auch Rechenzentren in \u00d6sterreich ein seri\u00f6ser Cloud-Anbieter und eine europ\u00e4ische Alternative zu Hyperscalern wie AWS, Microsoft Azure und Google Cloud. Anexia unterliegt nicht dem CLOUD Act.<br \/>\n<a href=\"https:\/\/anexia.com\/de\/unternehmen\/ueber-anexia\/engagement-und-auszeichnungen\/digitale-souveraenitaet\" target=\"_blank\" rel=\"noopener\"><strong>Global Cloud made in Europe \u2013 Global vernetzt. Europ\u00e4isch gesch\u00fctzt.<\/strong><\/a><\/p>\n","protected":false},"excerpt":{"rendered":"<p>Anexia CEO erkl\u00e4rt, warum k\u00fcnstliche Intelligenz ein Paradigmenwechsel ist \u2013 und warum Nichtnutzung Wettbewerbsnachteile bringt.<\/p>\n","protected":false},"author":50,"featured_media":9727,"comment_status":"closed","ping_status":"closed","sticky":false,"template":"","format":"standard","meta":{"footnotes":""},"categories":[2735,72],"tags":[2813,177,2659,2809,2476,2478,2805,2807],"yoast_head":"<!-- This site is optimized with the Yoast SEO plugin v22.2 - https:\/\/yoast.com\/wordpress\/plugins\/seo\/ -->\n<title>K\u00fcnstliche Intelligenz im Berufsalltag \u2013 warum Abwarten keine Option ist - ANEXIA Blog %<\/title>\n<meta name=\"description\" content=\"Anexia CEO erkl\u00e4rt, warum k\u00fcnstliche Intelligenz ein Paradigmenwechsel ist \u2013 und warum Nichtnutzung Wettbewerbsnachteile bringt.\" \/>\n<meta name=\"robots\" content=\"index, follow, max-snippet:-1, max-image-preview:large, max-video-preview:-1\" \/>\n<link rel=\"canonical\" href=\"https:\/\/anexia.com\/blog\/de\/kuenstliche-intelligenz-im-berufsalltag-warum-abwarten-keine-option-ist\/\" \/>\n<meta property=\"og:locale\" content=\"de_DE\" \/>\n<meta property=\"og:type\" content=\"article\" \/>\n<meta property=\"og:title\" content=\"K\u00fcnstliche Intelligenz im Berufsalltag \u2013 warum Abwarten keine Option ist - ANEXIA Blog %\" \/>\n<meta property=\"og:description\" content=\"Anexia CEO erkl\u00e4rt, warum k\u00fcnstliche Intelligenz ein Paradigmenwechsel ist \u2013 und warum Nichtnutzung Wettbewerbsnachteile bringt.\" \/>\n<meta property=\"og:url\" content=\"https:\/\/anexia.com\/blog\/de\/kuenstliche-intelligenz-im-berufsalltag-warum-abwarten-keine-option-ist\/\" \/>\n<meta property=\"og:site_name\" content=\"ANEXIA Blog\" \/>\n<meta property=\"article:publisher\" content=\"https:\/\/www.facebook.com\/anexiagmbh\/\" \/>\n<meta property=\"article:published_time\" content=\"2026-02-23T12:54:01+00:00\" \/>\n<meta property=\"article:modified_time\" content=\"2026-04-23T05:56:47+00:00\" \/>\n<meta property=\"og:image\" content=\"https:\/\/anexia.com\/blog\/wp-content\/uploads\/2026\/02\/Anexia_cloud-provider_t_1.png\" \/>\n\t<meta property=\"og:image:width\" content=\"672\" \/>\n\t<meta property=\"og:image:height\" content=\"374\" \/>\n\t<meta property=\"og:image:type\" content=\"image\/png\" \/>\n<meta name=\"author\" content=\"Esther Farys\" \/>\n<meta name=\"twitter:card\" content=\"summary_large_image\" \/>\n<meta name=\"twitter:creator\" content=\"@_ANEXIA\" \/>\n<meta name=\"twitter:site\" content=\"@_ANEXIA\" \/>\n<meta name=\"twitter:label1\" content=\"Verfasst von\" \/>\n\t<meta name=\"twitter:data1\" content=\"Esther Farys\" \/>\n\t<meta name=\"twitter:label2\" content=\"Gesch\u00e4tzte Lesezeit\" \/>\n\t<meta name=\"twitter:data2\" content=\"2\u00a0Minuten\" \/>\n<script type=\"application\/ld+json\" class=\"yoast-schema-graph\">{\"@context\":\"https:\/\/schema.org\",\"@graph\":[{\"@type\":\"WebPage\",\"@id\":\"https:\/\/anexia.com\/blog\/de\/kuenstliche-intelligenz-im-berufsalltag-warum-abwarten-keine-option-ist\/\",\"url\":\"https:\/\/anexia.com\/blog\/de\/kuenstliche-intelligenz-im-berufsalltag-warum-abwarten-keine-option-ist\/\",\"name\":\"K\u00fcnstliche Intelligenz im Berufsalltag \u2013 warum Abwarten keine Option ist - ANEXIA Blog %\",\"isPartOf\":{\"@id\":\"https:\/\/anexia.com\/blog\/#website\"},\"primaryImageOfPage\":{\"@id\":\"https:\/\/anexia.com\/blog\/de\/kuenstliche-intelligenz-im-berufsalltag-warum-abwarten-keine-option-ist\/#primaryimage\"},\"image\":{\"@id\":\"https:\/\/anexia.com\/blog\/de\/kuenstliche-intelligenz-im-berufsalltag-warum-abwarten-keine-option-ist\/#primaryimage\"},\"thumbnailUrl\":\"https:\/\/anexia.com\/blog\/wp-content\/uploads\/2026\/02\/Anexia_cloud-provider_t_1.png\",\"datePublished\":\"2026-02-23T12:54:01+00:00\",\"dateModified\":\"2026-04-23T05:56:47+00:00\",\"author\":{\"@id\":\"https:\/\/anexia.com\/blog\/#\/schema\/person\/bcb2a481d6e78cd5626e662fd392a6ee\"},\"description\":\"Anexia CEO erkl\u00e4rt, warum k\u00fcnstliche Intelligenz ein Paradigmenwechsel ist \u2013 und warum Nichtnutzung Wettbewerbsnachteile bringt.\",\"breadcrumb\":{\"@id\":\"https:\/\/anexia.com\/blog\/de\/kuenstliche-intelligenz-im-berufsalltag-warum-abwarten-keine-option-ist\/#breadcrumb\"},\"inLanguage\":\"de\",\"potentialAction\":[{\"@type\":\"ReadAction\",\"target\":[\"https:\/\/anexia.com\/blog\/de\/kuenstliche-intelligenz-im-berufsalltag-warum-abwarten-keine-option-ist\/\"]}]},{\"@type\":\"ImageObject\",\"inLanguage\":\"de\",\"@id\":\"https:\/\/anexia.com\/blog\/de\/kuenstliche-intelligenz-im-berufsalltag-warum-abwarten-keine-option-ist\/#primaryimage\",\"url\":\"https:\/\/anexia.com\/blog\/wp-content\/uploads\/2026\/02\/Anexia_cloud-provider_t_1.png\",\"contentUrl\":\"https:\/\/anexia.com\/blog\/wp-content\/uploads\/2026\/02\/Anexia_cloud-provider_t_1.png\",\"width\":672,\"height\":374,\"caption\":\"Anexia CEO Alexander Windbichler \u00fcber k\u00fcnstliche Intelligenz im Berufsalltag \u2013 europ\u00e4ischer Cloud-Provider mit eigener Infrastruktur\"},{\"@type\":\"BreadcrumbList\",\"@id\":\"https:\/\/anexia.com\/blog\/de\/kuenstliche-intelligenz-im-berufsalltag-warum-abwarten-keine-option-ist\/#breadcrumb\",\"itemListElement\":[{\"@type\":\"ListItem\",\"position\":1,\"name\":\"Home\",\"item\":\"https:\/\/anexia.com\/blog\/de\/\"},{\"@type\":\"ListItem\",\"position\":2,\"name\":\"K\u00fcnstliche Intelligenz im Berufsalltag \u2013 warum Abwarten keine Option ist\"}]},{\"@type\":\"WebSite\",\"@id\":\"https:\/\/anexia.com\/blog\/#website\",\"url\":\"https:\/\/anexia.com\/blog\/\",\"name\":\"ANEXIA Blog\",\"description\":\"[:de] ANEXIA Blog - Technischen Themen, Anexia News und Insights [:]\",\"potentialAction\":[{\"@type\":\"SearchAction\",\"target\":{\"@type\":\"EntryPoint\",\"urlTemplate\":\"https:\/\/anexia.com\/blog\/?s={search_term_string}\"},\"query-input\":\"required name=search_term_string\"}],\"inLanguage\":\"de\"},{\"@type\":\"Person\",\"@id\":\"https:\/\/anexia.com\/blog\/#\/schema\/person\/bcb2a481d6e78cd5626e662fd392a6ee\",\"name\":\"Esther Farys\",\"image\":{\"@type\":\"ImageObject\",\"inLanguage\":\"de\",\"@id\":\"https:\/\/anexia.com\/blog\/#\/schema\/person\/image\/\",\"url\":\"https:\/\/secure.gravatar.com\/avatar\/3c2f84940c461f7165a2fe5de41cacc5?s=96&d=mm&r=g\",\"contentUrl\":\"https:\/\/secure.gravatar.com\/avatar\/3c2f84940c461f7165a2fe5de41cacc5?s=96&d=mm&r=g\",\"caption\":\"Esther Farys\"},\"url\":\"https:\/\/anexia.com\/blog\/author\/efarys\/\"}]}<\/script>\n<!-- \/ Yoast SEO plugin. -->","yoast_head_json":{"title":"K\u00fcnstliche Intelligenz im Berufsalltag \u2013 warum Abwarten keine Option ist - ANEXIA Blog %","description":"Anexia CEO erkl\u00e4rt, warum k\u00fcnstliche Intelligenz ein Paradigmenwechsel ist \u2013 und warum Nichtnutzung Wettbewerbsnachteile bringt.","robots":{"index":"index","follow":"follow","max-snippet":"max-snippet:-1","max-image-preview":"max-image-preview:large","max-video-preview":"max-video-preview:-1"},"canonical":"https:\/\/anexia.com\/blog\/de\/kuenstliche-intelligenz-im-berufsalltag-warum-abwarten-keine-option-ist\/","og_locale":"de_DE","og_type":"article","og_title":"K\u00fcnstliche Intelligenz im Berufsalltag \u2013 warum Abwarten keine Option ist - ANEXIA Blog %","og_description":"Anexia CEO erkl\u00e4rt, warum k\u00fcnstliche Intelligenz ein Paradigmenwechsel ist \u2013 und warum Nichtnutzung Wettbewerbsnachteile bringt.","og_url":"https:\/\/anexia.com\/blog\/de\/kuenstliche-intelligenz-im-berufsalltag-warum-abwarten-keine-option-ist\/","og_site_name":"ANEXIA Blog","article_publisher":"https:\/\/www.facebook.com\/anexiagmbh\/","article_published_time":"2026-02-23T12:54:01+00:00","article_modified_time":"2026-04-23T05:56:47+00:00","og_image":[{"width":672,"height":374,"url":"https:\/\/anexia.com\/blog\/wp-content\/uploads\/2026\/02\/Anexia_cloud-provider_t_1.png","type":"image\/png"}],"author":"Esther Farys","twitter_card":"summary_large_image","twitter_creator":"@_ANEXIA","twitter_site":"@_ANEXIA","twitter_misc":{"Verfasst von":"Esther Farys","Gesch\u00e4tzte Lesezeit":"2\u00a0Minuten"},"schema":{"@context":"https:\/\/schema.org","@graph":[{"@type":"WebPage","@id":"https:\/\/anexia.com\/blog\/de\/kuenstliche-intelligenz-im-berufsalltag-warum-abwarten-keine-option-ist\/","url":"https:\/\/anexia.com\/blog\/de\/kuenstliche-intelligenz-im-berufsalltag-warum-abwarten-keine-option-ist\/","name":"K\u00fcnstliche Intelligenz im Berufsalltag \u2013 warum Abwarten keine Option ist - ANEXIA Blog %","isPartOf":{"@id":"https:\/\/anexia.com\/blog\/#website"},"primaryImageOfPage":{"@id":"https:\/\/anexia.com\/blog\/de\/kuenstliche-intelligenz-im-berufsalltag-warum-abwarten-keine-option-ist\/#primaryimage"},"image":{"@id":"https:\/\/anexia.com\/blog\/de\/kuenstliche-intelligenz-im-berufsalltag-warum-abwarten-keine-option-ist\/#primaryimage"},"thumbnailUrl":"https:\/\/anexia.com\/blog\/wp-content\/uploads\/2026\/02\/Anexia_cloud-provider_t_1.png","datePublished":"2026-02-23T12:54:01+00:00","dateModified":"2026-04-23T05:56:47+00:00","author":{"@id":"https:\/\/anexia.com\/blog\/#\/schema\/person\/bcb2a481d6e78cd5626e662fd392a6ee"},"description":"Anexia CEO erkl\u00e4rt, warum k\u00fcnstliche Intelligenz ein Paradigmenwechsel ist \u2013 und warum Nichtnutzung Wettbewerbsnachteile bringt.","breadcrumb":{"@id":"https:\/\/anexia.com\/blog\/de\/kuenstliche-intelligenz-im-berufsalltag-warum-abwarten-keine-option-ist\/#breadcrumb"},"inLanguage":"de","potentialAction":[{"@type":"ReadAction","target":["https:\/\/anexia.com\/blog\/de\/kuenstliche-intelligenz-im-berufsalltag-warum-abwarten-keine-option-ist\/"]}]},{"@type":"ImageObject","inLanguage":"de","@id":"https:\/\/anexia.com\/blog\/de\/kuenstliche-intelligenz-im-berufsalltag-warum-abwarten-keine-option-ist\/#primaryimage","url":"https:\/\/anexia.com\/blog\/wp-content\/uploads\/2026\/02\/Anexia_cloud-provider_t_1.png","contentUrl":"https:\/\/anexia.com\/blog\/wp-content\/uploads\/2026\/02\/Anexia_cloud-provider_t_1.png","width":672,"height":374,"caption":"Anexia CEO Alexander Windbichler \u00fcber k\u00fcnstliche Intelligenz im Berufsalltag \u2013 europ\u00e4ischer Cloud-Provider mit eigener Infrastruktur"},{"@type":"BreadcrumbList","@id":"https:\/\/anexia.com\/blog\/de\/kuenstliche-intelligenz-im-berufsalltag-warum-abwarten-keine-option-ist\/#breadcrumb","itemListElement":[{"@type":"ListItem","position":1,"name":"Home","item":"https:\/\/anexia.com\/blog\/de\/"},{"@type":"ListItem","position":2,"name":"K\u00fcnstliche Intelligenz im Berufsalltag \u2013 warum Abwarten keine Option ist"}]},{"@type":"WebSite","@id":"https:\/\/anexia.com\/blog\/#website","url":"https:\/\/anexia.com\/blog\/","name":"ANEXIA Blog","description":"[:de] ANEXIA Blog - Technischen Themen, Anexia News und Insights [:]","potentialAction":[{"@type":"SearchAction","target":{"@type":"EntryPoint","urlTemplate":"https:\/\/anexia.com\/blog\/?s={search_term_string}"},"query-input":"required name=search_term_string"}],"inLanguage":"de"},{"@type":"Person","@id":"https:\/\/anexia.com\/blog\/#\/schema\/person\/bcb2a481d6e78cd5626e662fd392a6ee","name":"Esther Farys","image":{"@type":"ImageObject","inLanguage":"de","@id":"https:\/\/anexia.com\/blog\/#\/schema\/person\/image\/","url":"https:\/\/secure.gravatar.com\/avatar\/3c2f84940c461f7165a2fe5de41cacc5?s=96&d=mm&r=g","contentUrl":"https:\/\/secure.gravatar.com\/avatar\/3c2f84940c461f7165a2fe5de41cacc5?s=96&d=mm&r=g","caption":"Esther Farys"},"url":"https:\/\/anexia.com\/blog\/author\/efarys\/"}]}},"lang":"de","translations":{"de":9720},"amp_enabled":true,"pll_sync_post":[],"_links":{"self":[{"href":"https:\/\/anexia.com\/blog\/wp-json\/wp\/v2\/posts\/9720"}],"collection":[{"href":"https:\/\/anexia.com\/blog\/wp-json\/wp\/v2\/posts"}],"about":[{"href":"https:\/\/anexia.com\/blog\/wp-json\/wp\/v2\/types\/post"}],"author":[{"embeddable":true,"href":"https:\/\/anexia.com\/blog\/wp-json\/wp\/v2\/users\/50"}],"replies":[{"embeddable":true,"href":"https:\/\/anexia.com\/blog\/wp-json\/wp\/v2\/comments?post=9720"}],"version-history":[{"count":15,"href":"https:\/\/anexia.com\/blog\/wp-json\/wp\/v2\/posts\/9720\/revisions"}],"predecessor-version":[{"id":9773,"href":"https:\/\/anexia.com\/blog\/wp-json\/wp\/v2\/posts\/9720\/revisions\/9773"}],"wp:featuredmedia":[{"embeddable":true,"href":"https:\/\/anexia.com\/blog\/wp-json\/wp\/v2\/media\/9727"}],"wp:attachment":[{"href":"https:\/\/anexia.com\/blog\/wp-json\/wp\/v2\/media?parent=9720"}],"wp:term":[{"taxonomy":"category","embeddable":true,"href":"https:\/\/anexia.com\/blog\/wp-json\/wp\/v2\/categories?post=9720"},{"taxonomy":"post_tag","embeddable":true,"href":"https:\/\/anexia.com\/blog\/wp-json\/wp\/v2\/tags?post=9720"}],"curies":[{"name":"wp","href":"https:\/\/api.w.org\/{rel}","templated":true}]}}